{"id":22513,"date":"2022-01-20T17:37:21","date_gmt":"2022-01-20T23:37:21","guid":{"rendered":"https:\/\/encuentroinformativo.com.mx\/?p=22513"},"modified":"2022-01-20T17:37:24","modified_gmt":"2022-01-20T23:37:24","slug":"alerta-gris-en-boca-del-rio-se-espera-viento-de-norte-con-posibles-rachas-de-70-y-85-km-h","status":"publish","type":"post","link":"https:\/\/encuentroinformativo.com.mx\/?p=22513","title":{"rendered":"Alerta Gris en Boca del R\u00edo; se espera viento de norte con posibles rachas de 70 y 85 km\/h"},"content":{"rendered":"\n<p><strong>*Ante la entrada del Frente Fr\u00edo No. 23 Protecci\u00f3n Civil Municipal pide a la poblaci\u00f3n estar atenta al pron\u00f3stico del tiempo<\/strong>.<\/p>\n\n\n\n<p>Boca del R\u00edo, Ver.- Ante la Alerta Gris emitida por las autoridades estatales por el ingreso del Frente Fr\u00edo n\u00famero 23, Protecci\u00f3n Civil de Boca del R\u00edo inform\u00f3 que se pronostica viento del norte con posibles rachas entre los 70 y 85 kil\u00f3metros por hora para este jueves 20 y el viernes 21 de enero, y se espera un descenso en la temperatura.<\/p>\n\n\n\n<p>Ante el incremento del olaje se evaluar\u00e1 el cierre a la circulaci\u00f3n en el bulevar Manuel \u00c1vila Camacho, as\u00ed como el cierre de las playas.<\/p>\n\n\n\n<p>Protecci\u00f3n Civil municipal hace las siguientes recomendaciones a la poblaci\u00f3n:<\/p>\n\n\n\n<p>-Resguardar su seguridad en casa y evitar salir a la calle.<\/p>\n\n\n\n<p>-Sujetar firmemente todo lo que pueda salir proyectado.<\/p>\n\n\n\n<p>-Estar pendientes de las actualizaciones del estado del tiempo<\/p>\n\n\n\n<p>Las autoridades municipales de Protecci\u00f3n Civil de Boca del R\u00edo continuar\u00e1n informando a la poblaci\u00f3n conforme a la actualizaci\u00f3n de los pron\u00f3sticos del tiempo, poniendo a su disposici\u00f3n el n\u00famero 911 para cualquier emergencia.<\/p>\n","protected":false},"excerpt":{"rendered":"<p>*Ante la entrada del Frente Fr\u00edo No. 23 Protecci\u00f3n Civil Municipal pide a la poblaci\u00f3n estar atenta al pron\u00f3stico del tiempo. Boca del R\u00edo, Ver.- Ante la Alerta Gris emitida por las autoridades estatales por el ingreso del Frente Fr\u00edo n\u00famero 23, Protecci\u00f3n Civil de Boca del R\u00edo inform\u00f3 que se pronostica viento del norte [&hellip;]<\/p>\n","protected":false},"author":1,"featured_media":22514,"comment_status":"open","ping_status":"open","sticky":false,"template":"","format":"standard","meta":{"_jetpack_memberships_contains_paid_content":false,"footnotes":""},"categories":[2],"tags":[],"class_list":["post-22513","post","type-post","status-publish","format-standard","has-post-thumbnail","hentry","category-estado"],"jetpack_featured_media_url":"https:\/\/encuentroinformativo.com.mx\/wp-content\/uploads\/2022\/01\/E8D0184D-9C2E-48D0-A40C-CE81EB712F1B.jpeg","jetpack_sharing_enabled":true,"jetpack_likes_enabled":true,"amp_enabled":true,"_links":{"self":[{"href":"https:\/\/encuentroinformativo.com.mx\/index.php?rest_route=\/wp\/v2\/posts\/22513","targetHints":{"allow":["GET"]}}],"collection":[{"href":"https:\/\/encuentroinformativo.com.mx\/index.php?rest_route=\/wp\/v2\/posts"}],"about":[{"href":"https:\/\/encuentroinformativo.com.mx\/index.php?rest_route=\/wp\/v2\/types\/post"}],"author":[{"embeddable":true,"href":"https:\/\/encuentroinformativo.com.mx\/index.php?rest_route=\/wp\/v2\/users\/1"}],"replies":[{"embeddable":true,"href":"https:\/\/encuentroinformativo.com.mx\/index.php?rest_route=%2Fwp%2Fv2%2Fcomments&post=22513"}],"version-history":[{"count":1,"href":"https:\/\/encuentroinformativo.com.mx\/index.php?rest_route=\/wp\/v2\/posts\/22513\/revisions"}],"predecessor-version":[{"id":22515,"href":"https:\/\/encuentroinformativo.com.mx\/index.php?rest_route=\/wp\/v2\/posts\/22513\/revisions\/22515"}],"wp:featuredmedia":[{"embeddable":true,"href":"https:\/\/encuentroinformativo.com.mx\/index.php?rest_route=\/wp\/v2\/media\/22514"}],"wp:attachment":[{"href":"https:\/\/encuentroinformativo.com.mx\/index.php?rest_route=%2Fwp%2Fv2%2Fmedia&parent=22513"}],"wp:term":[{"taxonomy":"category","embeddable":true,"href":"https:\/\/encuentroinformativo.com.mx\/index.php?rest_route=%2Fwp%2Fv2%2Fcategories&post=22513"},{"taxonomy":"post_tag","embeddable":true,"href":"https:\/\/encuentroinformativo.com.mx\/index.php?rest_route=%2Fwp%2Fv2%2Ftags&post=22513"}],"curies":[{"name":"wp","href":"https:\/\/api.w.org\/{rel}","templated":true}]}}