{"id":22522,"date":"2022-01-20T14:45:34","date_gmt":"2022-01-20T20:45:34","guid":{"rendered":"https:\/\/encuentroinformativo.com.mx\/?p=22522"},"modified":"2022-01-20T23:49:12","modified_gmt":"2022-01-21T05:49:12","slug":"indices-de-inseguridad-van-a-la-baja-afirma-cuitlahuac","status":"publish","type":"post","link":"https:\/\/encuentroinformativo.com.mx\/?p=22522","title":{"rendered":"\u00cdndices de inseguridad van a la baja, afirma Cuitl\u00e1huac"},"content":{"rendered":"\n<p><strong>Dar\u00edo Pale<\/strong><\/p>\n\n\n\n<p>Xalapa, Ver.- El gobernador de Veracruz Cuitl\u00e1huac Garc\u00eda Jim\u00e9nez dio a conocer que actualmente ninguno de los municipios de Veracruz se encuentra entre los 50 del pa\u00eds con altos \u00edndices delictivos, y que el secuestro es uno de los delitos que m\u00e1s han disminuido, como ejemplo mencion\u00f3 que en Coatzacoalcos transcurren 330 d\u00edas sin que se registre este il\u00edcito.<\/p>\n\n\n\n<p>En conferencia de prensa realizada en palacio de gobierno solicit\u00f3 a los diferentes medios de comunicaci\u00f3n que destaquen la seguridad en el estado, ya que actualmente no hay ning\u00fan municipio de Veracruz entre los 50 del pa\u00eds con altos \u00edndices delictivos.<\/p>\n\n\n\n<p>Reproch\u00f3 que se insista en generar una percepci\u00f3n contraria y pidi\u00f3 a los medios de comunicaci\u00f3n destacar los avances en el combate a la inseguridad y no lo contrario, por lo que de paso, el gobernador llam\u00f3 a la Comisi\u00f3n reci\u00e9n instalada en el Senado de la Rep\u00fablica para investigar actos de abuso de autoridad en esta entidad, para que se enfoque a los estados m\u00e1s inseguros del pa\u00eds.<\/p>\n\n\n\n<p>\u201cEn percepci\u00f3n vamos mejorando en Veracruz a pesar de que algunos medios sigan la cantaleta, duro y dale de que estamos mal, pero no dicen a verdad, eso es cierto. Honestamente no dicen la verdad y aqu\u00ed est\u00e1n los datos y si me van a abrir una Comisi\u00f3n en el Senado, la pregunta es \u00bfpor qu\u00e9 no han abierto comisiones para otros estados que est\u00e1n mucho peor que Veracruz\u201d se\u00f1al\u00f3.<br>Insisti\u00f3 que entre la sociedad y medios de comunicaci\u00f3n debe haber acuerdos para promover la cultura del estado y sobre todo, que es seguro.<\/p>\n\n\n\n<p>\u201cHablemos de la realidad porque es muy importante para reactivar cosas como el turismo. Si nosotros les seguimos mintiendo, al veracruzano se va a dar cuenta de que el medio es mentiroso, pero el turismo no vive en Veracruz, al turismo le llega esa mala imagen con una mentira, falsa, err\u00f3nea\u201d, coment\u00f3.<\/p>\n\n\n\n<p>Finalmente Cuitl\u00e1huac Garc\u00eda destac\u00f3 que, a pesar de las recientes ejecuciones ocurridas en la entidad, el Sistema Estatal de Seguridad P\u00fablica reporta que la entidad no est\u00e1 entre los primeros lugares de inseguridad como Michoac\u00e1n, el Estado de M\u00e9xico, Chihuahua, Jalisco o Zacatecas.<\/p>\n","protected":false},"excerpt":{"rendered":"<p>Dar\u00edo Pale Xalapa, Ver.- El gobernador de Veracruz Cuitl\u00e1huac Garc\u00eda Jim\u00e9nez dio a conocer que actualmente ninguno de los municipios de Veracruz se encuentra entre los 50 del pa\u00eds con altos \u00edndices delictivos, y que el secuestro es uno de los delitos que m\u00e1s han disminuido, como ejemplo mencion\u00f3 que en Coatzacoalcos transcurren 330 d\u00edas [&hellip;]<\/p>\n","protected":false},"author":1,"featured_media":22523,"comment_status":"open","ping_status":"open","sticky":false,"template":"","format":"standard","meta":{"_jetpack_memberships_contains_paid_content":false,"footnotes":""},"categories":[2],"tags":[],"class_list":["post-22522","post","type-post","status-publish","format-standard","has-post-thumbnail","hentry","category-estado"],"jetpack_featured_media_url":"https:\/\/encuentroinformativo.com.mx\/wp-content\/uploads\/2022\/01\/E897B085-A1BD-4A4C-A316-A2CEE4209B77.jpeg","jetpack_sharing_enabled":true,"jetpack_likes_enabled":true,"amp_enabled":true,"_links":{"self":[{"href":"https:\/\/encuentroinformativo.com.mx\/index.php?rest_route=\/wp\/v2\/posts\/22522","targetHints":{"allow":["GET"]}}],"collection":[{"href":"https:\/\/encuentroinformativo.com.mx\/index.php?rest_route=\/wp\/v2\/posts"}],"about":[{"href":"https:\/\/encuentroinformativo.com.mx\/index.php?rest_route=\/wp\/v2\/types\/post"}],"author":[{"embeddable":true,"href":"https:\/\/encuentroinformativo.com.mx\/index.php?rest_route=\/wp\/v2\/users\/1"}],"replies":[{"embeddable":true,"href":"https:\/\/encuentroinformativo.com.mx\/index.php?rest_route=%2Fwp%2Fv2%2Fcomments&post=22522"}],"version-history":[{"count":1,"href":"https:\/\/encuentroinformativo.com.mx\/index.php?rest_route=\/wp\/v2\/posts\/22522\/revisions"}],"predecessor-version":[{"id":22524,"href":"https:\/\/encuentroinformativo.com.mx\/index.php?rest_route=\/wp\/v2\/posts\/22522\/revisions\/22524"}],"wp:featuredmedia":[{"embeddable":true,"href":"https:\/\/encuentroinformativo.com.mx\/index.php?rest_route=\/wp\/v2\/media\/22523"}],"wp:attachment":[{"href":"https:\/\/encuentroinformativo.com.mx\/index.php?rest_route=%2Fwp%2Fv2%2Fmedia&parent=22522"}],"wp:term":[{"taxonomy":"category","embeddable":true,"href":"https:\/\/encuentroinformativo.com.mx\/index.php?rest_route=%2Fwp%2Fv2%2Fcategories&post=22522"},{"taxonomy":"post_tag","embeddable":true,"href":"https:\/\/encuentroinformativo.com.mx\/index.php?rest_route=%2Fwp%2Fv2%2Ftags&post=22522"}],"curies":[{"name":"wp","href":"https:\/\/api.w.org\/{rel}","templated":true}]}}