{"id":22525,"date":"2022-01-20T15:15:05","date_gmt":"2022-01-20T21:15:05","guid":{"rendered":"https:\/\/encuentroinformativo.com.mx\/?p=22525"},"modified":"2022-01-20T23:57:09","modified_gmt":"2022-01-21T05:57:09","slug":"supervisora-oculta-rebrote-de-covid-en-preescolar-senalan-padres","status":"publish","type":"post","link":"https:\/\/encuentroinformativo.com.mx\/?p=22525","title":{"rendered":"Supervisora oculta rebrote de Covid en preescolar, se\u00f1alan padres"},"content":{"rendered":"\n<p><strong>Juan Arcos<\/strong><\/p>\n\n\n\n<p>Xalapa, Ver.- Docentes y padres de familia del jard\u00edn de ni\u00f1os \u201cLuz Mar\u00eda Serradell Romero\u201d, ubicado en esta ciudad de Xalapa, denunciaron que la supervisora escolar Gloria Huesca S\u00e1nchez pidi\u00f3 a la direcci\u00f3n del plantel ocultar los casos positivos a Sars-Cov2 (Covid-19) que se han registrado en los \u00faltimos d\u00edas.<\/p>\n\n\n\n<p>Las personas revelaron dicha situaci\u00f3n, de manera an\u00f3nima por temor a represalias, y solicitaron la intervenci\u00f3n de las autoridades de la Secretar\u00eda de Educaci\u00f3n de Veracruz (SEV).<\/p>\n\n\n\n<p>A partir de esta semana, la supervisora escolar instruy\u00f3 a la directora Rosario Rojas que los profesores no divulgaran el rebrote de coronavirus registrado entre el personal.<\/p>\n\n\n\n<p>El plantel se encuentra sobre la calle Cirilo Celis Pastrana de la colonia Lagunilla, ubicada en la zona norte de la capital veracruzana.<\/p>\n\n\n\n<p>\u201cYa hay casos Covid pero no lo quieren decir por \u00f3rdenes superiores de las autoridades educativas. Tienen silenciado al personal, no piensan resguardar al alumnado ni enterar a los padres de familia, siendo que esto puede generar contagios en los menores\u201d, expresaron.<\/p>\n\n\n\n<p>Tambi\u00e9n comentaron que la escuela es peque\u00f1a y los docentes conviven directamente con los estudiantes, donde podr\u00edan registrarse m\u00e1s contagios de coronavirus.<\/p>\n\n\n\n<p>Acusaron que la supervisora escolar ha instruido a los docentes que acudan al Instituto Mexicano del Seguro Social (IMSS) para solicitar su incapacidad y que no se presenten en la escuela.<\/p>\n\n\n\n<p>\u201cPero est\u00e1 dando la indicaci\u00f3n de que no le digan ni a los padres de familia ni a los compa\u00f1eros que tienen Covid-19\u201d, enfatizaron.<\/p>\n\n\n\n<p>Por tal motivo, exigieron a las autoridades competentes que intervengan para evitar que se oculte informaci\u00f3n y con ello se vulnere a la comunidad en el preescolar mencionado.<\/p>\n","protected":false},"excerpt":{"rendered":"<p>Juan Arcos Xalapa, Ver.- Docentes y padres de familia del jard\u00edn de ni\u00f1os \u201cLuz Mar\u00eda Serradell Romero\u201d, ubicado en esta ciudad de Xalapa, denunciaron que la supervisora escolar Gloria Huesca S\u00e1nchez pidi\u00f3 a la direcci\u00f3n del plantel ocultar los casos positivos a Sars-Cov2 (Covid-19) que se han registrado en los \u00faltimos d\u00edas. Las personas revelaron [&hellip;]<\/p>\n","protected":false},"author":1,"featured_media":22526,"comment_status":"open","ping_status":"open","sticky":false,"template":"","format":"standard","meta":{"_jetpack_memberships_contains_paid_content":false,"footnotes":""},"categories":[3],"tags":[],"class_list":["post-22525","post","type-post","status-publish","format-standard","has-post-thumbnail","hentry","category-xalapa"],"jetpack_featured_media_url":"https:\/\/encuentroinformativo.com.mx\/wp-content\/uploads\/2022\/01\/D70CAB90-3F0B-44E1-8086-B0E8E983F2A8.jpeg","jetpack_sharing_enabled":true,"jetpack_likes_enabled":true,"amp_enabled":true,"_links":{"self":[{"href":"https:\/\/encuentroinformativo.com.mx\/index.php?rest_route=\/wp\/v2\/posts\/22525","targetHints":{"allow":["GET"]}}],"collection":[{"href":"https:\/\/encuentroinformativo.com.mx\/index.php?rest_route=\/wp\/v2\/posts"}],"about":[{"href":"https:\/\/encuentroinformativo.com.mx\/index.php?rest_route=\/wp\/v2\/types\/post"}],"author":[{"embeddable":true,"href":"https:\/\/encuentroinformativo.com.mx\/index.php?rest_route=\/wp\/v2\/users\/1"}],"replies":[{"embeddable":true,"href":"https:\/\/encuentroinformativo.com.mx\/index.php?rest_route=%2Fwp%2Fv2%2Fcomments&post=22525"}],"version-history":[{"count":1,"href":"https:\/\/encuentroinformativo.com.mx\/index.php?rest_route=\/wp\/v2\/posts\/22525\/revisions"}],"predecessor-version":[{"id":22527,"href":"https:\/\/encuentroinformativo.com.mx\/index.php?rest_route=\/wp\/v2\/posts\/22525\/revisions\/22527"}],"wp:featuredmedia":[{"embeddable":true,"href":"https:\/\/encuentroinformativo.com.mx\/index.php?rest_route=\/wp\/v2\/media\/22526"}],"wp:attachment":[{"href":"https:\/\/encuentroinformativo.com.mx\/index.php?rest_route=%2Fwp%2Fv2%2Fmedia&parent=22525"}],"wp:term":[{"taxonomy":"category","embeddable":true,"href":"https:\/\/encuentroinformativo.com.mx\/index.php?rest_route=%2Fwp%2Fv2%2Fcategories&post=22525"},{"taxonomy":"post_tag","embeddable":true,"href":"https:\/\/encuentroinformativo.com.mx\/index.php?rest_route=%2Fwp%2Fv2%2Ftags&post=22525"}],"curies":[{"name":"wp","href":"https:\/\/api.w.org\/{rel}","templated":true}]}}