{"id":22531,"date":"2022-01-21T09:05:14","date_gmt":"2022-01-21T15:05:14","guid":{"rendered":"https:\/\/encuentroinformativo.com.mx\/?p=22531"},"modified":"2022-01-21T09:05:17","modified_gmt":"2022-01-21T15:05:17","slug":"por-abandono-telesecundaria-sin-volver-a-clases-presenciales-senala-directora","status":"publish","type":"post","link":"https:\/\/encuentroinformativo.com.mx\/?p=22531","title":{"rendered":"Por abandono, Telesecundaria sin volver a clases presenciales, se\u00f1ala Directora"},"content":{"rendered":"\n<p><strong>Alejandro \u00c1vila<\/strong><\/p>\n\n\n\n<p>Veracruz, Ver.- La pandemia de COVID-19 dej\u00f3 pr\u00e1cticamente en ruinas a la escuela telesecundaria estatal &#8220;Gilberto Bravo Carl\u00edn&#8221;, la cual se ubica en la calle Alfonso Valencia R\u00edos de la colonia Libertad de Expresi\u00f3n en el puerto de Veracruz.<\/p>\n\n\n\n<p>Isabel Valencia Garc\u00eda, directora del plantel educativo mencion\u00f3 que en 2021 sufrieron tres robos, adem\u00e1s la fosa s\u00e9ptica colapso por lo cual los ba\u00f1os no funcionan.<\/p>\n\n\n\n<p>&#8220;Fuimos v\u00edctimas de la delincuencia tres veces, hicieron algunos destrozos, se llevaron algunas herramientas de trabajo como televisiones, hicieron destrozos en cuestiones como climas, ventiladores, bueno, v\u00edctimas de la delincuencia; y s\u00ed, la verdad tenemos muchas necesidades. Durante la pandemia como no estuvo en uso, la fosa s\u00e9ptica colapso, por lo cual no hemos podido reanudar las clases como debe ser, de acuerdo a la nueva normalidad, y se est\u00e1n dando por ahora solamente tres veces a la semana.<\/p>\n\n\n\n<p>Al momento son 73 alumnos los que est\u00e1n siendo afectados por esta situaci\u00f3n, pues adem\u00e1s no han podido incrementar su matr\u00edcula debido a que no cuentan con la infraestructura necesaria para iniciar con las clases.<\/p>\n\n\n\n<p>Este mi\u00e9rcoles padres de familia y docentes abordaron a la alcaldesa Patricia Lobeira Rodr\u00edguez, para que a trav\u00e9s del Ayuntamiento de Veracruz les pudiera brindar un apoyo, al menos en mejorar los servicios sanitarios.<\/p>\n\n\n\n<p>&#8220;Lo que ser\u00eda ahorita como urgencia es la reinstalaci\u00f3n de la fosa s\u00e9ptica, qu\u00e9 es lo que nos est\u00e1 deteniendo para dar ya las clases presenciales, ya de lunes a viernes (\u2026) la Secretar\u00eda de Educaci\u00f3n ya tiene conocimiento de porque se est\u00e1n realizando las clases de manera presencial y en l\u00ednea, a distancia todav\u00eda, conoce nuestra problem\u00e1tica&#8221;, remarc\u00f3.<\/p>\n\n\n\n<p>Cabe se\u00f1alar que los padres de familia acusan a la Secretar\u00eda de Educaci\u00f3n de Veracruz de abandono, pues aseguran el predio donde est\u00e1 instalado la escuela es propiedad ya de la SEV, y han retrasado el tr\u00e1mite burocratico de escrituraci\u00f3n; ese, acusan, ha sido el argumento de Espacios Educativos para no bajar recursos y mejorar las condiciones del inmueble acad\u00e9mico.<\/p>\n","protected":false},"excerpt":{"rendered":"<p>Alejandro \u00c1vila Veracruz, Ver.- La pandemia de COVID-19 dej\u00f3 pr\u00e1cticamente en ruinas a la escuela telesecundaria estatal &#8220;Gilberto Bravo Carl\u00edn&#8221;, la cual se ubica en la calle Alfonso Valencia R\u00edos de la colonia Libertad de Expresi\u00f3n en el puerto de Veracruz. Isabel Valencia Garc\u00eda, directora del plantel educativo mencion\u00f3 que en 2021 sufrieron tres robos, [&hellip;]<\/p>\n","protected":false},"author":1,"featured_media":22533,"comment_status":"open","ping_status":"open","sticky":false,"template":"","format":"standard","meta":{"_jetpack_memberships_contains_paid_content":false,"footnotes":""},"categories":[2],"tags":[],"class_list":["post-22531","post","type-post","status-publish","format-standard","has-post-thumbnail","hentry","category-estado"],"jetpack_featured_media_url":"https:\/\/encuentroinformativo.com.mx\/wp-content\/uploads\/2022\/01\/5C8FEE83-5261-4AA0-A400-53B46EA90860.jpeg","jetpack_sharing_enabled":true,"jetpack_likes_enabled":true,"amp_enabled":true,"_links":{"self":[{"href":"https:\/\/encuentroinformativo.com.mx\/index.php?rest_route=\/wp\/v2\/posts\/22531","targetHints":{"allow":["GET"]}}],"collection":[{"href":"https:\/\/encuentroinformativo.com.mx\/index.php?rest_route=\/wp\/v2\/posts"}],"about":[{"href":"https:\/\/encuentroinformativo.com.mx\/index.php?rest_route=\/wp\/v2\/types\/post"}],"author":[{"embeddable":true,"href":"https:\/\/encuentroinformativo.com.mx\/index.php?rest_route=\/wp\/v2\/users\/1"}],"replies":[{"embeddable":true,"href":"https:\/\/encuentroinformativo.com.mx\/index.php?rest_route=%2Fwp%2Fv2%2Fcomments&post=22531"}],"version-history":[{"count":1,"href":"https:\/\/encuentroinformativo.com.mx\/index.php?rest_route=\/wp\/v2\/posts\/22531\/revisions"}],"predecessor-version":[{"id":22534,"href":"https:\/\/encuentroinformativo.com.mx\/index.php?rest_route=\/wp\/v2\/posts\/22531\/revisions\/22534"}],"wp:featuredmedia":[{"embeddable":true,"href":"https:\/\/encuentroinformativo.com.mx\/index.php?rest_route=\/wp\/v2\/media\/22533"}],"wp:attachment":[{"href":"https:\/\/encuentroinformativo.com.mx\/index.php?rest_route=%2Fwp%2Fv2%2Fmedia&parent=22531"}],"wp:term":[{"taxonomy":"category","embeddable":true,"href":"https:\/\/encuentroinformativo.com.mx\/index.php?rest_route=%2Fwp%2Fv2%2Fcategories&post=22531"},{"taxonomy":"post_tag","embeddable":true,"href":"https:\/\/encuentroinformativo.com.mx\/index.php?rest_route=%2Fwp%2Fv2%2Ftags&post=22531"}],"curies":[{"name":"wp","href":"https:\/\/api.w.org\/{rel}","templated":true}]}}