{"id":22537,"date":"2022-01-21T09:50:31","date_gmt":"2022-01-21T15:50:31","guid":{"rendered":"https:\/\/encuentroinformativo.com.mx\/?p=22537"},"modified":"2022-01-21T09:50:35","modified_gmt":"2022-01-21T15:50:35","slug":"aumenta-numero-de-ninos-infectados-de-omicron-pediatras","status":"publish","type":"post","link":"https:\/\/encuentroinformativo.com.mx\/?p=22537","title":{"rendered":"Aumenta n\u00famero de ni\u00f1os infectados de \u00d3micron: Pediatras"},"content":{"rendered":"\n<p><strong>Alejandro \u00c1vila<\/strong><\/p>\n\n\n\n<p>Veracruz, Ver.- El presidente de la Asociaci\u00f3n de Pediatras del Puerto de Veracruz, Luis Alfredo Dom\u00ednguez Sansores, reconoci\u00f3 que la variante de COVID-19, \u00d3micron, est\u00e1 contagiando a muchos infantes, y en algunos casos, estos han tenido que ser hospitalizados.<\/p>\n\n\n\n<p>El m\u00e9dico lament\u00f3 la poca relevancia que se le est\u00e1 dando a esta cepa, pues varias personas la consideran solo una gripe.<\/p>\n\n\n\n<p>&#8220;Y ahorita la poblaci\u00f3n que m\u00e1s se est\u00e1 viendo afectada, osea donde est\u00e1 viendose un mayor n\u00famero de casos vienen siendo los ni\u00f1os, ya que los ni\u00f1os pues no est\u00e1n vacunados, y s\u00ed se est\u00e1n viendo algunos casos graves, aunque se considera que es una gripa, s\u00ed se est\u00e1n viendo casos hospitalizados, son un porcentaje muy bajo, pero s\u00ed lo hay. Yo creo que a nadie nos gustar\u00eda que nos tocar\u00e1 la loter\u00eda de que fuera nuestro hijo el que se hospitalizara&#8221;, puntualiz\u00f3.<\/p>\n\n\n\n<p>El pediatra dijo que si bien normalmente los problemas son cuadros gripales, las complicaciones posteriores son similares a las primeras cepas.<\/p>\n\n\n\n<p>&#8220;Realmente un paciente que se contagia, aunque sea de Omicron y que tenga nada m\u00e1s un cuadro agudo gripal de un par de d\u00edas, 5 &#8211; 6 d\u00edas, a largo plazo puede quedar con secuelas de coraz\u00f3n o secuelas a nivel de sistema nervioso central; incluso hay un s\u00edndrome de fatiga cr\u00f3nica asociada a COVID, que puede durar semanas o meses, entonces son algunas de las complicaciones que no est\u00e1n tomando en cuenta&#8221;, subray\u00f3.<\/p>\n\n\n\n<p>Finalmente, Dom\u00ednguez Sansores, invito a la poblaci\u00f3n a seguir muy de cerca de recomendaciones por parte de la Secretar\u00eda de Salud y la Organizaci\u00f3n Mundial de la Salud, con el uso del cubrebocas, evitar lugares cerrados, evitar lugares conglomerados, acudir a fiestas; ya que se\u00f1al\u00f3,&nbsp; la cantidad de contagios est\u00e1 siendo sumamente elevada.<\/p>\n\n\n\n<p>&#8220;De hecho much\u00edsimo mayor que en la ola anterior, en est\u00e1 ola realmente el n\u00famero de contagios es exponencial, y el n\u00famero de secuelas que puede haber a largo plazo va a verse en un par de meses&#8221;, culmin\u00f3.<\/p>\n","protected":false},"excerpt":{"rendered":"<p>Alejandro \u00c1vila Veracruz, Ver.- El presidente de la Asociaci\u00f3n de Pediatras del Puerto de Veracruz, Luis Alfredo Dom\u00ednguez Sansores, reconoci\u00f3 que la variante de COVID-19, \u00d3micron, est\u00e1 contagiando a muchos infantes, y en algunos casos, estos han tenido que ser hospitalizados. El m\u00e9dico lament\u00f3 la poca relevancia que se le est\u00e1 dando a esta cepa, [&hellip;]<\/p>\n","protected":false},"author":1,"featured_media":22538,"comment_status":"open","ping_status":"open","sticky":false,"template":"","format":"standard","meta":{"_jetpack_memberships_contains_paid_content":false,"footnotes":""},"categories":[9],"tags":[],"class_list":["post-22537","post","type-post","status-publish","format-standard","has-post-thumbnail","hentry","category-salud"],"jetpack_featured_media_url":"https:\/\/encuentroinformativo.com.mx\/wp-content\/uploads\/2022\/01\/A30FE999-6212-440A-8CFE-B4B58DC1A68D.jpeg","jetpack_sharing_enabled":true,"jetpack_likes_enabled":true,"amp_enabled":true,"_links":{"self":[{"href":"https:\/\/encuentroinformativo.com.mx\/index.php?rest_route=\/wp\/v2\/posts\/22537","targetHints":{"allow":["GET"]}}],"collection":[{"href":"https:\/\/encuentroinformativo.com.mx\/index.php?rest_route=\/wp\/v2\/posts"}],"about":[{"href":"https:\/\/encuentroinformativo.com.mx\/index.php?rest_route=\/wp\/v2\/types\/post"}],"author":[{"embeddable":true,"href":"https:\/\/encuentroinformativo.com.mx\/index.php?rest_route=\/wp\/v2\/users\/1"}],"replies":[{"embeddable":true,"href":"https:\/\/encuentroinformativo.com.mx\/index.php?rest_route=%2Fwp%2Fv2%2Fcomments&post=22537"}],"version-history":[{"count":1,"href":"https:\/\/encuentroinformativo.com.mx\/index.php?rest_route=\/wp\/v2\/posts\/22537\/revisions"}],"predecessor-version":[{"id":22539,"href":"https:\/\/encuentroinformativo.com.mx\/index.php?rest_route=\/wp\/v2\/posts\/22537\/revisions\/22539"}],"wp:featuredmedia":[{"embeddable":true,"href":"https:\/\/encuentroinformativo.com.mx\/index.php?rest_route=\/wp\/v2\/media\/22538"}],"wp:attachment":[{"href":"https:\/\/encuentroinformativo.com.mx\/index.php?rest_route=%2Fwp%2Fv2%2Fmedia&parent=22537"}],"wp:term":[{"taxonomy":"category","embeddable":true,"href":"https:\/\/encuentroinformativo.com.mx\/index.php?rest_route=%2Fwp%2Fv2%2Fcategories&post=22537"},{"taxonomy":"post_tag","embeddable":true,"href":"https:\/\/encuentroinformativo.com.mx\/index.php?rest_route=%2Fwp%2Fv2%2Ftags&post=22537"}],"curies":[{"name":"wp","href":"https:\/\/api.w.org\/{rel}","templated":true}]}}