{"id":2254,"date":"2020-05-01T13:27:01","date_gmt":"2020-05-01T18:27:01","guid":{"rendered":"https:\/\/encuentroinformativo.com\/?p=2254"},"modified":"2020-05-01T13:27:03","modified_gmt":"2020-05-01T18:27:03","slug":"vecinos-solicitan-mayor-seguridad-en-el-dique","status":"publish","type":"post","link":"https:\/\/encuentroinformativo.com.mx\/?p=2254","title":{"rendered":"Vecinos solicitan mayor seguridad en El Dique"},"content":{"rendered":"\n<p><strong>Juan Arcos <\/strong><\/p>\n\n\n\n<p>Xalapa, Ver.- Vecinos del barrio de El Dique pidieron a la Secretar\u00eda de Seguridad P\u00fablica (SSP) y la Polic\u00eda Municipal que incrementen la vigilancia en la zona, principalmente durante las noches.<\/p>\n\n\n\n<p>De acuerdo con Constantino Villa Rivas, jefe de manzana de dicho lugar, el patrullaje es constante en el d\u00eda; sin embargo, despu\u00e9s de las 20:00 horas, los polic\u00edas dejan de hacer los rondines.<\/p>\n\n\n\n<p>\u201cEn la noche se pierde el patrullaje, es la boca del lobo. Se les pide que haya m\u00e1s seguridad, no hay seguridad\u201d.<\/p>\n\n\n\n<p>Cabe recordar que en semanas anteriores se registraron asaltos a una tienda de conveniencia, ubicada sobre la calle Belisario Dom\u00ednguez, muy cerca de la zona mencionada.<\/p>\n\n\n\n<p>Villa Rivas record\u00f3 que apenas el pasado lunes 27 de abril fue acordonado el Paseo de los Lagos, para evitar la concentraci\u00f3n de personas y la propagaci\u00f3n del coronavirus.<\/p>\n\n\n\n<p>Sin embargo, la gente ha violentado la disposici\u00f3n oficial y ha ingresado a dicho lugar, aumentando el riesgo de contagio.<\/p>\n\n\n\n<p>\u201cEl lago era un desorden, mucha gente andaba de all\u00e1 para ac\u00e1. La gente est\u00e1 muy confiada, la gente no cree, por eso entran y salen del lago y la mayor\u00eda dice: de algo me tengo que morir, pues s\u00ed, pero a la hora de la hora no se quieren morir\u201d.<\/p>\n\n\n\n<p>En ese sentido, el jefe de manzana consider\u00f3 que tambi\u00e9n se requiere mayor presencia policiaca para evitar que la gente ingrese al Paseo de los Lagos.<\/p>\n\n\n\n<p><\/p>\n","protected":false},"excerpt":{"rendered":"<p>Juan Arcos Xalapa, Ver.- Vecinos del barrio de El Dique pidieron a la Secretar\u00eda de Seguridad P\u00fablica (SSP) y la Polic\u00eda Municipal que incrementen la vigilancia en la zona, principalmente durante las noches. De acuerdo con Constantino Villa Rivas, jefe de manzana de dicho lugar, el patrullaje es constante en el d\u00eda; sin embargo, despu\u00e9s [&hellip;]<\/p>\n","protected":false},"author":1,"featured_media":2255,"comment_status":"open","ping_status":"open","sticky":false,"template":"","format":"standard","meta":{"_jetpack_memberships_contains_paid_content":false,"footnotes":""},"categories":[3],"tags":[],"class_list":["post-2254","post","type-post","status-publish","format-standard","has-post-thumbnail","hentry","category-xalapa"],"jetpack_featured_media_url":"https:\/\/encuentroinformativo.com.mx\/wp-content\/uploads\/2020\/05\/BBAE5A77-08C0-4BF1-BBDB-2171EF8E7E8C.jpeg","jetpack_sharing_enabled":true,"jetpack_likes_enabled":true,"amp_enabled":true,"_links":{"self":[{"href":"https:\/\/encuentroinformativo.com.mx\/index.php?rest_route=\/wp\/v2\/posts\/2254","targetHints":{"allow":["GET"]}}],"collection":[{"href":"https:\/\/encuentroinformativo.com.mx\/index.php?rest_route=\/wp\/v2\/posts"}],"about":[{"href":"https:\/\/encuentroinformativo.com.mx\/index.php?rest_route=\/wp\/v2\/types\/post"}],"author":[{"embeddable":true,"href":"https:\/\/encuentroinformativo.com.mx\/index.php?rest_route=\/wp\/v2\/users\/1"}],"replies":[{"embeddable":true,"href":"https:\/\/encuentroinformativo.com.mx\/index.php?rest_route=%2Fwp%2Fv2%2Fcomments&post=2254"}],"version-history":[{"count":1,"href":"https:\/\/encuentroinformativo.com.mx\/index.php?rest_route=\/wp\/v2\/posts\/2254\/revisions"}],"predecessor-version":[{"id":2256,"href":"https:\/\/encuentroinformativo.com.mx\/index.php?rest_route=\/wp\/v2\/posts\/2254\/revisions\/2256"}],"wp:featuredmedia":[{"embeddable":true,"href":"https:\/\/encuentroinformativo.com.mx\/index.php?rest_route=\/wp\/v2\/media\/2255"}],"wp:attachment":[{"href":"https:\/\/encuentroinformativo.com.mx\/index.php?rest_route=%2Fwp%2Fv2%2Fmedia&parent=2254"}],"wp:term":[{"taxonomy":"category","embeddable":true,"href":"https:\/\/encuentroinformativo.com.mx\/index.php?rest_route=%2Fwp%2Fv2%2Fcategories&post=2254"},{"taxonomy":"post_tag","embeddable":true,"href":"https:\/\/encuentroinformativo.com.mx\/index.php?rest_route=%2Fwp%2Fv2%2Ftags&post=2254"}],"curies":[{"name":"wp","href":"https:\/\/api.w.org\/{rel}","templated":true}]}}