{"id":22540,"date":"2022-01-21T10:58:36","date_gmt":"2022-01-21T16:58:36","guid":{"rendered":"https:\/\/encuentroinformativo.com.mx\/?p=22540"},"modified":"2022-01-21T10:58:40","modified_gmt":"2022-01-21T16:58:40","slug":"proximo-lunes-inicia-refuerzo-de-vacunacion-en-xalapa","status":"publish","type":"post","link":"https:\/\/encuentroinformativo.com.mx\/?p=22540","title":{"rendered":"Pr\u00f3ximo lunes inicia refuerzo de vacunaci\u00f3n en Xalapa"},"content":{"rendered":"\n<p>Xalapa, Ver.- El delegado de Bienestar en Veracruz, Manuel Huerta Ladr\u00f3n de Guevara supervis\u00f3 la jornada de vacunaci\u00f3n para el sector educativo en el gimnasio Omega.<\/p>\n\n\n\n<p>Ah\u00ed en entrevista el funcionario federal destac\u00f3 que el pr\u00f3ximo lunes se aplicar\u00e1 el tercer refuerzo de la vacuna contra Covid para 40 a 59 a\u00f1os en tres sedes en Xalapa.<\/p>\n\n\n\n<figure class=\"wp-block-image size-large\"><img loading=\"lazy\" decoding=\"async\" width=\"1024\" height=\"683\" src=\"https:\/\/encuentroinformativo.com.mx\/wp-content\/uploads\/2022\/01\/CB261773-60D8-4363-A398-D1754D75C1AA-1024x683.jpeg\" alt=\"\" class=\"wp-image-22542\" srcset=\"https:\/\/encuentroinformativo.com.mx\/wp-content\/uploads\/2022\/01\/CB261773-60D8-4363-A398-D1754D75C1AA-1024x683.jpeg 1024w, https:\/\/encuentroinformativo.com.mx\/wp-content\/uploads\/2022\/01\/CB261773-60D8-4363-A398-D1754D75C1AA-300x200.jpeg 300w, https:\/\/encuentroinformativo.com.mx\/wp-content\/uploads\/2022\/01\/CB261773-60D8-4363-A398-D1754D75C1AA-768x512.jpeg 768w, https:\/\/encuentroinformativo.com.mx\/wp-content\/uploads\/2022\/01\/CB261773-60D8-4363-A398-D1754D75C1AA-1536x1024.jpeg 1536w, https:\/\/encuentroinformativo.com.mx\/wp-content\/uploads\/2022\/01\/CB261773-60D8-4363-A398-D1754D75C1AA-2048x1365.jpeg 2048w\" sizes=\"auto, (max-width: 1024px) 100vw, 1024px\" \/><\/figure>\n\n\n\n<figure class=\"wp-block-image size-large\"><img loading=\"lazy\" decoding=\"async\" width=\"1024\" height=\"683\" src=\"https:\/\/encuentroinformativo.com.mx\/wp-content\/uploads\/2022\/01\/6157BD9A-7A02-4E5E-9639-FB16461D396A-1024x683.jpeg\" alt=\"\" class=\"wp-image-22543\" srcset=\"https:\/\/encuentroinformativo.com.mx\/wp-content\/uploads\/2022\/01\/6157BD9A-7A02-4E5E-9639-FB16461D396A-1024x683.jpeg 1024w, https:\/\/encuentroinformativo.com.mx\/wp-content\/uploads\/2022\/01\/6157BD9A-7A02-4E5E-9639-FB16461D396A-300x200.jpeg 300w, https:\/\/encuentroinformativo.com.mx\/wp-content\/uploads\/2022\/01\/6157BD9A-7A02-4E5E-9639-FB16461D396A-768x512.jpeg 768w, https:\/\/encuentroinformativo.com.mx\/wp-content\/uploads\/2022\/01\/6157BD9A-7A02-4E5E-9639-FB16461D396A-1536x1024.jpeg 1536w, https:\/\/encuentroinformativo.com.mx\/wp-content\/uploads\/2022\/01\/6157BD9A-7A02-4E5E-9639-FB16461D396A-2048x1365.jpeg 2048w\" sizes=\"auto, (max-width: 1024px) 100vw, 1024px\" \/><\/figure>\n","protected":false},"excerpt":{"rendered":"<p>Xalapa, Ver.- El delegado de Bienestar en Veracruz, Manuel Huerta Ladr\u00f3n de Guevara supervis\u00f3 la jornada de vacunaci\u00f3n para el sector educativo en el gimnasio Omega. Ah\u00ed en entrevista el funcionario federal destac\u00f3 que el pr\u00f3ximo lunes se aplicar\u00e1 el tercer refuerzo de la vacuna contra Covid para 40 a 59 a\u00f1os en tres sedes [&hellip;]<\/p>\n","protected":false},"author":1,"featured_media":22541,"comment_status":"open","ping_status":"open","sticky":false,"template":"","format":"standard","meta":{"_jetpack_memberships_contains_paid_content":false,"footnotes":""},"categories":[3],"tags":[],"class_list":["post-22540","post","type-post","status-publish","format-standard","has-post-thumbnail","hentry","category-xalapa"],"jetpack_featured_media_url":"https:\/\/encuentroinformativo.com.mx\/wp-content\/uploads\/2022\/01\/95E3A6B0-B273-4D2A-9439-C56887EF4C66-scaled.jpeg","jetpack_sharing_enabled":true,"jetpack_likes_enabled":true,"amp_enabled":true,"_links":{"self":[{"href":"https:\/\/encuentroinformativo.com.mx\/index.php?rest_route=\/wp\/v2\/posts\/22540","targetHints":{"allow":["GET"]}}],"collection":[{"href":"https:\/\/encuentroinformativo.com.mx\/index.php?rest_route=\/wp\/v2\/posts"}],"about":[{"href":"https:\/\/encuentroinformativo.com.mx\/index.php?rest_route=\/wp\/v2\/types\/post"}],"author":[{"embeddable":true,"href":"https:\/\/encuentroinformativo.com.mx\/index.php?rest_route=\/wp\/v2\/users\/1"}],"replies":[{"embeddable":true,"href":"https:\/\/encuentroinformativo.com.mx\/index.php?rest_route=%2Fwp%2Fv2%2Fcomments&post=22540"}],"version-history":[{"count":1,"href":"https:\/\/encuentroinformativo.com.mx\/index.php?rest_route=\/wp\/v2\/posts\/22540\/revisions"}],"predecessor-version":[{"id":22544,"href":"https:\/\/encuentroinformativo.com.mx\/index.php?rest_route=\/wp\/v2\/posts\/22540\/revisions\/22544"}],"wp:featuredmedia":[{"embeddable":true,"href":"https:\/\/encuentroinformativo.com.mx\/index.php?rest_route=\/wp\/v2\/media\/22541"}],"wp:attachment":[{"href":"https:\/\/encuentroinformativo.com.mx\/index.php?rest_route=%2Fwp%2Fv2%2Fmedia&parent=22540"}],"wp:term":[{"taxonomy":"category","embeddable":true,"href":"https:\/\/encuentroinformativo.com.mx\/index.php?rest_route=%2Fwp%2Fv2%2Fcategories&post=22540"},{"taxonomy":"post_tag","embeddable":true,"href":"https:\/\/encuentroinformativo.com.mx\/index.php?rest_route=%2Fwp%2Fv2%2Ftags&post=22540"}],"curies":[{"name":"wp","href":"https:\/\/api.w.org\/{rel}","templated":true}]}}