{"id":22554,"date":"2022-01-21T14:51:06","date_gmt":"2022-01-21T20:51:06","guid":{"rendered":"https:\/\/encuentroinformativo.com.mx\/?p=22554"},"modified":"2022-01-21T14:51:10","modified_gmt":"2022-01-21T20:51:10","slug":"se-registro-brote-covid-en-fesapauv-reconoce-sindicato","status":"publish","type":"post","link":"https:\/\/encuentroinformativo.com.mx\/?p=22554","title":{"rendered":"Se registr\u00f3 brote Covid en Fesapauv, reconoce Sindicato"},"content":{"rendered":"\n<p><strong>Juan Arcos<\/strong><\/p>\n\n\n\n<p>Xalapa, Ver.- Un brote de Sars-Cov2 (Covid-19) se registr\u00f3 al interior de las oficinas de la Federaci\u00f3n Estatal de Sindicatos y Asociaciones del Personal Acad\u00e9mico de la Universidad Veracruzana (Fesapauv), ubicadas en esta ciudad de Xalapa.<\/p>\n\n\n\n<p>El secretario general del Fesapauv, Enrique Levet Gorozpe, confirm\u00f3 que al menos cinco trabajadores contrajeron la enfermedad; sin embargo, se encuentran estables.<\/p>\n\n\n\n<p>\u201cHa habido contagios del personal administrativo pero muy leve. Aqu\u00ed en el sindicato vean que las oficinas est\u00e1n casi vac\u00edas, no hay gente, porque aqu\u00ed hubo un brote de contagios\u201d, expres\u00f3.<\/p>\n\n\n\n<p>El entrevistado indic\u00f3 que debieron parar las actividades en las oficinas del Fesapauv, ubicadas sobre la calle Francisco I. Madero, en la zona centro de la capital veracruzana.<\/p>\n\n\n\n<p>\u201cAqu\u00ed se contagiaron cinco personas pero se contagiaron con la variante \u00d3micron, que no es tan agresiva y ya est\u00e1n todos saliendo\u201d, garantiz\u00f3.<\/p>\n\n\n\n<p>Por otra parte, el l\u00edder sindical enfatiz\u00f3 que a\u00fan no se ha determinado si se regresar\u00e1 a clases presenciales en la Universidad Veracruzana, durante el mes de febrero.<\/p>\n\n\n\n<p>En ese sentido, Levet Gorozpe indic\u00f3 que dicha situaci\u00f3n depender\u00e1 de que disminuyan los contagios de coronavirus en la entidad, durante la \u00faltima semana de enero.<\/p>\n\n\n\n<p>\u201cTodav\u00eda no est\u00e1 muy clara la decisi\u00f3n del regreso, el rector ha anunciado que se va a regresar, eso lo dijo en diciembre, pero en diciembre todav\u00eda la pandemia no hab\u00eda tenido el repunte que est\u00e1 teniendo ahora, pero si las cosas siguen as\u00ed va a ser complicado que se regrese a clases\u201d, remat\u00f3 el Secretario General del Fesapauv.<\/p>\n","protected":false},"excerpt":{"rendered":"<p>Juan Arcos Xalapa, Ver.- Un brote de Sars-Cov2 (Covid-19) se registr\u00f3 al interior de las oficinas de la Federaci\u00f3n Estatal de Sindicatos y Asociaciones del Personal Acad\u00e9mico de la Universidad Veracruzana (Fesapauv), ubicadas en esta ciudad de Xalapa. El secretario general del Fesapauv, Enrique Levet Gorozpe, confirm\u00f3 que al menos cinco trabajadores contrajeron la enfermedad; [&hellip;]<\/p>\n","protected":false},"author":1,"featured_media":22555,"comment_status":"open","ping_status":"open","sticky":false,"template":"","format":"standard","meta":{"_jetpack_memberships_contains_paid_content":false,"footnotes":""},"categories":[9],"tags":[],"class_list":["post-22554","post","type-post","status-publish","format-standard","has-post-thumbnail","hentry","category-salud"],"jetpack_featured_media_url":"https:\/\/encuentroinformativo.com.mx\/wp-content\/uploads\/2022\/01\/88B58FF2-46E4-4361-9EDA-C20233F7836A-scaled.jpeg","jetpack_sharing_enabled":true,"jetpack_likes_enabled":true,"amp_enabled":true,"_links":{"self":[{"href":"https:\/\/encuentroinformativo.com.mx\/index.php?rest_route=\/wp\/v2\/posts\/22554","targetHints":{"allow":["GET"]}}],"collection":[{"href":"https:\/\/encuentroinformativo.com.mx\/index.php?rest_route=\/wp\/v2\/posts"}],"about":[{"href":"https:\/\/encuentroinformativo.com.mx\/index.php?rest_route=\/wp\/v2\/types\/post"}],"author":[{"embeddable":true,"href":"https:\/\/encuentroinformativo.com.mx\/index.php?rest_route=\/wp\/v2\/users\/1"}],"replies":[{"embeddable":true,"href":"https:\/\/encuentroinformativo.com.mx\/index.php?rest_route=%2Fwp%2Fv2%2Fcomments&post=22554"}],"version-history":[{"count":1,"href":"https:\/\/encuentroinformativo.com.mx\/index.php?rest_route=\/wp\/v2\/posts\/22554\/revisions"}],"predecessor-version":[{"id":22556,"href":"https:\/\/encuentroinformativo.com.mx\/index.php?rest_route=\/wp\/v2\/posts\/22554\/revisions\/22556"}],"wp:featuredmedia":[{"embeddable":true,"href":"https:\/\/encuentroinformativo.com.mx\/index.php?rest_route=\/wp\/v2\/media\/22555"}],"wp:attachment":[{"href":"https:\/\/encuentroinformativo.com.mx\/index.php?rest_route=%2Fwp%2Fv2%2Fmedia&parent=22554"}],"wp:term":[{"taxonomy":"category","embeddable":true,"href":"https:\/\/encuentroinformativo.com.mx\/index.php?rest_route=%2Fwp%2Fv2%2Fcategories&post=22554"},{"taxonomy":"post_tag","embeddable":true,"href":"https:\/\/encuentroinformativo.com.mx\/index.php?rest_route=%2Fwp%2Fv2%2Ftags&post=22554"}],"curies":[{"name":"wp","href":"https:\/\/api.w.org\/{rel}","templated":true}]}}