{"id":22563,"date":"2022-01-21T16:45:11","date_gmt":"2022-01-21T22:45:11","guid":{"rendered":"https:\/\/encuentroinformativo.com.mx\/?p=22563"},"modified":"2022-01-21T16:45:13","modified_gmt":"2022-01-21T22:45:13","slug":"con-bloqueos-reclaman-cafetaleros-precios-justos","status":"publish","type":"post","link":"https:\/\/encuentroinformativo.com.mx\/?p=22563","title":{"rendered":"Con bloqueos, reclaman cafetaleros precios justos"},"content":{"rendered":"\n<p><strong>Juan Arcos<\/strong> <\/p>\n\n\n\n<p>Xalapa, Ver.- Cientos de cafetaleros protestaron y bloquearon la carretera hacia el municipio de Ixhuatl\u00e1n del Caf\u00e9, en la localidad Otatitl\u00e1n, para denunciar que los precios contin\u00faan siendo castigados en la regi\u00f3n.<\/p>\n\n\n\n<p>Los quejosos acusaron directamente a la empresa Agro industrias Unidades de M\u00e9xico (AMSA) de controlar el precio del caf\u00e9, en perjuicio de los peque\u00f1os productores.<\/p>\n\n\n\n<p>Tambi\u00e9n comentaron que la comercializadora est\u00e1 pagando apenas cinco pesos por kilogramo de caf\u00e9 cereza a los cafetaleros.<\/p>\n\n\n\n<p>En ese sentido, los inconformes exigieron la intervenci\u00f3n de autoridades municipales, estatales y federales para que las compa\u00f1\u00edas paguen los precios del mercado internacional.<\/p>\n\n\n\n<p>Tambi\u00e9n mencionaron que la empresa mencionada est\u00e1 condicionando los horarios de entrega de caf\u00e9, afectando a quienes participan en el proceso productivo.<\/p>\n\n\n\n<p>Los encargados de AMSA establecieron que la entrega del caf\u00e9 sea de 14:00 a 16:00 horas, cuando en corte del mismo se realiza de 8:00 a 17:00 horas.<\/p>\n\n\n\n<p>De acuerdo con Minervo Cant\u00f3n Pe\u00f1a, uno de los manifestantes, el caf\u00e9 es entregado alrededor de las 19:00 horas en los beneficios.<\/p>\n\n\n\n<p>\u201cExigimos que se reciba el producto todos los d\u00edas y que se nos pague un precio justo, que no nos est\u00e9n robando porque de antemano sab\u00edamos que este a\u00f1o era nuestro, por los problemas que ha tenido Brasil en la producci\u00f3n del arom\u00e1tico. Sabemos que no hay abastecimiento de caf\u00e9 en el mercado internacional y est\u00e1 a buen precio\u201d, enfatiz\u00f3.<\/p>\n\n\n\n<p>Cabe destacar que el precio del caf\u00e9 en el mercado regional es de 17.50 pesos y no est\u00e1 siendo respetado por las grandes empresas.<\/p>\n\n\n\n<p>El municipio de Ixhuatl\u00e1n del Caf\u00e9 est\u00e1 localizado en la zona central monta\u00f1osa del estado de Veracruz, a unos 115 kil\u00f3metros de la ciudad de Xalapa.<\/p>\n","protected":false},"excerpt":{"rendered":"<p>Juan Arcos Xalapa, Ver.- Cientos de cafetaleros protestaron y bloquearon la carretera hacia el municipio de Ixhuatl\u00e1n del Caf\u00e9, en la localidad Otatitl\u00e1n, para denunciar que los precios contin\u00faan siendo castigados en la regi\u00f3n. Los quejosos acusaron directamente a la empresa Agro industrias Unidades de M\u00e9xico (AMSA) de controlar el precio del caf\u00e9, en perjuicio [&hellip;]<\/p>\n","protected":false},"author":1,"featured_media":22564,"comment_status":"open","ping_status":"open","sticky":false,"template":"","format":"standard","meta":{"_jetpack_memberships_contains_paid_content":false,"footnotes":""},"categories":[2],"tags":[],"class_list":["post-22563","post","type-post","status-publish","format-standard","has-post-thumbnail","hentry","category-estado"],"jetpack_featured_media_url":"https:\/\/encuentroinformativo.com.mx\/wp-content\/uploads\/2022\/01\/ACE38E1A-CD06-48CF-9C18-5CF7879A7160.jpeg","jetpack_sharing_enabled":true,"jetpack_likes_enabled":true,"amp_enabled":true,"_links":{"self":[{"href":"https:\/\/encuentroinformativo.com.mx\/index.php?rest_route=\/wp\/v2\/posts\/22563","targetHints":{"allow":["GET"]}}],"collection":[{"href":"https:\/\/encuentroinformativo.com.mx\/index.php?rest_route=\/wp\/v2\/posts"}],"about":[{"href":"https:\/\/encuentroinformativo.com.mx\/index.php?rest_route=\/wp\/v2\/types\/post"}],"author":[{"embeddable":true,"href":"https:\/\/encuentroinformativo.com.mx\/index.php?rest_route=\/wp\/v2\/users\/1"}],"replies":[{"embeddable":true,"href":"https:\/\/encuentroinformativo.com.mx\/index.php?rest_route=%2Fwp%2Fv2%2Fcomments&post=22563"}],"version-history":[{"count":1,"href":"https:\/\/encuentroinformativo.com.mx\/index.php?rest_route=\/wp\/v2\/posts\/22563\/revisions"}],"predecessor-version":[{"id":22565,"href":"https:\/\/encuentroinformativo.com.mx\/index.php?rest_route=\/wp\/v2\/posts\/22563\/revisions\/22565"}],"wp:featuredmedia":[{"embeddable":true,"href":"https:\/\/encuentroinformativo.com.mx\/index.php?rest_route=\/wp\/v2\/media\/22564"}],"wp:attachment":[{"href":"https:\/\/encuentroinformativo.com.mx\/index.php?rest_route=%2Fwp%2Fv2%2Fmedia&parent=22563"}],"wp:term":[{"taxonomy":"category","embeddable":true,"href":"https:\/\/encuentroinformativo.com.mx\/index.php?rest_route=%2Fwp%2Fv2%2Fcategories&post=22563"},{"taxonomy":"post_tag","embeddable":true,"href":"https:\/\/encuentroinformativo.com.mx\/index.php?rest_route=%2Fwp%2Fv2%2Ftags&post=22563"}],"curies":[{"name":"wp","href":"https:\/\/api.w.org\/{rel}","templated":true}]}}