{"id":22572,"date":"2022-01-22T11:10:17","date_gmt":"2022-01-22T17:10:17","guid":{"rendered":"https:\/\/encuentroinformativo.com.mx\/?p=22572"},"modified":"2022-01-22T11:10:21","modified_gmt":"2022-01-22T17:10:21","slug":"toma-protesta-juan-manuel-unanue-como-coordinador-de-alcaldes-del-pan","status":"publish","type":"post","link":"https:\/\/encuentroinformativo.com.mx\/?p=22572","title":{"rendered":"Toma protesta Juan Manuel Unanue como coordinador de alcaldes del PAN"},"content":{"rendered":"\n<p><strong>Alejandro \u00c1vila<\/strong><\/p>\n\n\n\n<p>Veracruz, Ver.- este viernes el presidente municipal de Boca del R\u00edo, Juan Manuel Unanue Abascal, tomo protesta como en el Comit\u00e9 Directivo Estatal, c\u00f3mo coordinador de alcaldes, s\u00edndicos y regidores, del Partido Acci\u00f3n Nacional.<\/p>\n\n\n\n<p>De la misma manera, en un acto privado Federico Salom\u00f3n Molina e Indira Rosales San Rom\u00e1n, tomaron posesi\u00f3n del Comit\u00e9 Directivo Estatal, como presidente y secretario general respectivamente.<\/p>\n\n\n\n<p>Tras tomar posesi\u00f3n del Comit\u00e9 Directivo Estatal del PAN en Veracruz, con el aval de Rafael Delgado delegado del comit\u00e9 Ejecutivo Nacional, los nuevos l\u00edderes blanquiazules cambiaron toda el organigrama del partido, colocando militantes identificados con el grupo &#8220;yunista&#8221;.<\/p>\n\n\n\n<p>En el Congreso Local de Veracruz, nombraron a Enrique cambranis, c\u00f3mo coordinador del Grupo Legislativo del PAN; mientras qu\u00e9 en el Congreso Federal, designaron a Mar\u00eda Josefina Gamboa Torales, c\u00f3mo la coordinadora de los diputados panistas.<\/p>\n\n\n\n<p>Finalmente, tambi\u00e9n obtuvo un cargo Luz Alicia Delf\u00edn Rodr\u00edguez, hija de Tito Delf\u00edn Cano, qui\u00e9n al inicio de las elecciones internas, fungia como candidato a la presidencia del PAN en Veracruz en la planilla que hoy result\u00f3 ganadora; cabe recordar, que Delf\u00edn Cano fue detenido durante la campa\u00f1a y hoy se encuentra preso por presunto da\u00f1o patrimonial cuando fungia como alcalde Tierra Blanca.<\/p>\n","protected":false},"excerpt":{"rendered":"<p>Alejandro \u00c1vila Veracruz, Ver.- este viernes el presidente municipal de Boca del R\u00edo, Juan Manuel Unanue Abascal, tomo protesta como en el Comit\u00e9 Directivo Estatal, c\u00f3mo coordinador de alcaldes, s\u00edndicos y regidores, del Partido Acci\u00f3n Nacional. De la misma manera, en un acto privado Federico Salom\u00f3n Molina e Indira Rosales San Rom\u00e1n, tomaron posesi\u00f3n del [&hellip;]<\/p>\n","protected":false},"author":1,"featured_media":22573,"comment_status":"open","ping_status":"open","sticky":false,"template":"","format":"standard","meta":{"_jetpack_memberships_contains_paid_content":false,"footnotes":""},"categories":[2],"tags":[],"class_list":["post-22572","post","type-post","status-publish","format-standard","has-post-thumbnail","hentry","category-estado"],"jetpack_featured_media_url":"https:\/\/encuentroinformativo.com.mx\/wp-content\/uploads\/2022\/01\/BFBF2F7D-4750-40CC-BAFC-0BBA0BB3B309.jpeg","jetpack_sharing_enabled":true,"jetpack_likes_enabled":true,"amp_enabled":true,"_links":{"self":[{"href":"https:\/\/encuentroinformativo.com.mx\/index.php?rest_route=\/wp\/v2\/posts\/22572","targetHints":{"allow":["GET"]}}],"collection":[{"href":"https:\/\/encuentroinformativo.com.mx\/index.php?rest_route=\/wp\/v2\/posts"}],"about":[{"href":"https:\/\/encuentroinformativo.com.mx\/index.php?rest_route=\/wp\/v2\/types\/post"}],"author":[{"embeddable":true,"href":"https:\/\/encuentroinformativo.com.mx\/index.php?rest_route=\/wp\/v2\/users\/1"}],"replies":[{"embeddable":true,"href":"https:\/\/encuentroinformativo.com.mx\/index.php?rest_route=%2Fwp%2Fv2%2Fcomments&post=22572"}],"version-history":[{"count":1,"href":"https:\/\/encuentroinformativo.com.mx\/index.php?rest_route=\/wp\/v2\/posts\/22572\/revisions"}],"predecessor-version":[{"id":22574,"href":"https:\/\/encuentroinformativo.com.mx\/index.php?rest_route=\/wp\/v2\/posts\/22572\/revisions\/22574"}],"wp:featuredmedia":[{"embeddable":true,"href":"https:\/\/encuentroinformativo.com.mx\/index.php?rest_route=\/wp\/v2\/media\/22573"}],"wp:attachment":[{"href":"https:\/\/encuentroinformativo.com.mx\/index.php?rest_route=%2Fwp%2Fv2%2Fmedia&parent=22572"}],"wp:term":[{"taxonomy":"category","embeddable":true,"href":"https:\/\/encuentroinformativo.com.mx\/index.php?rest_route=%2Fwp%2Fv2%2Fcategories&post=22572"},{"taxonomy":"post_tag","embeddable":true,"href":"https:\/\/encuentroinformativo.com.mx\/index.php?rest_route=%2Fwp%2Fv2%2Ftags&post=22572"}],"curies":[{"name":"wp","href":"https:\/\/api.w.org\/{rel}","templated":true}]}}