{"id":22599,"date":"2022-01-22T17:42:06","date_gmt":"2022-01-22T23:42:06","guid":{"rendered":"https:\/\/encuentroinformativo.com.mx\/?p=22599"},"modified":"2022-01-22T17:42:10","modified_gmt":"2022-01-22T23:42:10","slug":"retornan-comerciantes-a-parque-de-coatepec","status":"publish","type":"post","link":"https:\/\/encuentroinformativo.com.mx\/?p=22599","title":{"rendered":"Retornan comerciantes a parque de Coatepec"},"content":{"rendered":"\n<p><strong>Dar\u00edo Pale<\/strong><\/p>\n\n\n\n<p>Xalapa, Ver.- El presidente municipal de Coatepec Raymundo Andrade Rivera dio a conocer que el d\u00eda de hoy regresan los comerciantes del parque de Coatepec a ocupar sus lugares de costumbre y contin\u00faan exhortando a la ciudadan\u00eda que respete las medidas de sanidad que recomiendan los servicios de salud y que acudan a vacunarse.<\/p>\n\n\n\n<p>En entrevista se\u00f1al\u00f3 que est\u00e1n invitando a la ciudadan\u00eda a que de manera responsable se cuide haciendo caso a las medidas sanitarias que se est\u00e1n recomendando como son el huso de cubrebocas, guardar la sana distancia y evitar salir a donde hay mucha aglomeraci\u00f3n de personas.<\/p>\n\n\n\n<p>Coment\u00f3 que se han registrado varios casos aunque no son de gravedad pero es una situaci\u00f3n dif\u00edcil que quieren evitar or o que est\u00e1 invitando a la ciudadan\u00eda para que se vacunen.<\/p>\n\n\n\n<p>Dio a conocer que a partir del d\u00eda de hoy ya se instalar\u00e1n en el parque de Coatepec los comerciantes que por muchos a\u00f1os han tenido sus espacios ya que tambi\u00e9n han padecido la falta de la derrama econ\u00f3mica que al igual que muchos en el municipio por la pandemia y la rehabilitaci\u00f3n del parque.<\/p>\n\n\n\n<p>Hay buen di\u00e1logo con los comerciantes quienes poco a poco van a ir homogeneizando sus locales e invit\u00e1ndolos para que colaboren en la limpieza al concluir su jornada de trabajo para que e centro hist\u00f3rico de Coatepec se vea limpio y la ciudadan\u00eda siga visit\u00e1ndolos.<\/p>\n\n\n\n<p>Invito a todos aquellos comerciantes que no cuenten con su c\u00e9dula o el permiso se eviten problemas para que haya un orden, hasta el momento tiene permitido aproximadamente 70 locales de diferentes giros, y quiene tengan diferente permiso al giro que tienen que busquen mejor vender artesan\u00edas o dulces t\u00edpicos de la regi\u00f3n y no vender chatarra.<\/p>\n\n\n\n<p>Finalmente dio a conocer que ya est\u00e1n viendo la problem\u00e1tica que tiene el municipio como son inundaciones y socavones para iniciar con los trabajos de reparaci\u00f3n y rehabilitaci\u00f3n en las zonas que haga falta.<\/p>\n","protected":false},"excerpt":{"rendered":"<p>Dar\u00edo Pale Xalapa, Ver.- El presidente municipal de Coatepec Raymundo Andrade Rivera dio a conocer que el d\u00eda de hoy regresan los comerciantes del parque de Coatepec a ocupar sus lugares de costumbre y contin\u00faan exhortando a la ciudadan\u00eda que respete las medidas de sanidad que recomiendan los servicios de salud y que acudan a [&hellip;]<\/p>\n","protected":false},"author":1,"featured_media":12638,"comment_status":"open","ping_status":"open","sticky":false,"template":"","format":"standard","meta":{"_jetpack_memberships_contains_paid_content":false,"footnotes":""},"categories":[8],"tags":[],"class_list":["post-22599","post","type-post","status-publish","format-standard","has-post-thumbnail","hentry","category-region"],"jetpack_featured_media_url":"https:\/\/encuentroinformativo.com.mx\/wp-content\/uploads\/2021\/04\/B2B89251-CA4B-4686-90FF-CD0702960EA6.jpeg","jetpack_sharing_enabled":true,"jetpack_likes_enabled":true,"amp_enabled":true,"_links":{"self":[{"href":"https:\/\/encuentroinformativo.com.mx\/index.php?rest_route=\/wp\/v2\/posts\/22599","targetHints":{"allow":["GET"]}}],"collection":[{"href":"https:\/\/encuentroinformativo.com.mx\/index.php?rest_route=\/wp\/v2\/posts"}],"about":[{"href":"https:\/\/encuentroinformativo.com.mx\/index.php?rest_route=\/wp\/v2\/types\/post"}],"author":[{"embeddable":true,"href":"https:\/\/encuentroinformativo.com.mx\/index.php?rest_route=\/wp\/v2\/users\/1"}],"replies":[{"embeddable":true,"href":"https:\/\/encuentroinformativo.com.mx\/index.php?rest_route=%2Fwp%2Fv2%2Fcomments&post=22599"}],"version-history":[{"count":1,"href":"https:\/\/encuentroinformativo.com.mx\/index.php?rest_route=\/wp\/v2\/posts\/22599\/revisions"}],"predecessor-version":[{"id":22600,"href":"https:\/\/encuentroinformativo.com.mx\/index.php?rest_route=\/wp\/v2\/posts\/22599\/revisions\/22600"}],"wp:featuredmedia":[{"embeddable":true,"href":"https:\/\/encuentroinformativo.com.mx\/index.php?rest_route=\/wp\/v2\/media\/12638"}],"wp:attachment":[{"href":"https:\/\/encuentroinformativo.com.mx\/index.php?rest_route=%2Fwp%2Fv2%2Fmedia&parent=22599"}],"wp:term":[{"taxonomy":"category","embeddable":true,"href":"https:\/\/encuentroinformativo.com.mx\/index.php?rest_route=%2Fwp%2Fv2%2Fcategories&post=22599"},{"taxonomy":"post_tag","embeddable":true,"href":"https:\/\/encuentroinformativo.com.mx\/index.php?rest_route=%2Fwp%2Fv2%2Ftags&post=22599"}],"curies":[{"name":"wp","href":"https:\/\/api.w.org\/{rel}","templated":true}]}}