{"id":22615,"date":"2022-01-23T16:32:22","date_gmt":"2022-01-23T22:32:22","guid":{"rendered":"https:\/\/encuentroinformativo.com.mx\/?p=22615"},"modified":"2022-01-23T16:32:26","modified_gmt":"2022-01-23T22:32:26","slug":"celebran-comerciantes-reinstalacion-en-sus-espacios","status":"publish","type":"post","link":"https:\/\/encuentroinformativo.com.mx\/?p=22615","title":{"rendered":"Celebran comerciantes reinstalaci\u00f3n en sus espacios"},"content":{"rendered":"\n<p><strong>Juan Arcos<\/strong><\/p>\n\n\n\n<p>Coatepec, Ver.- Despu\u00e9s de casi dos a\u00f1os, este fin de semana los comerciantes semifijos del municipio de Coatepec regresaron al parque Miguel Hidalgo y recuperaron sus espacios laborales.<\/p>\n\n\n\n<p>De acuerdo con Antonio Velasco, comerciante de botanas, se retiraron del parque por la pandemia del Sars-Cov2 (Covid-19) y posteriormente no pudieron regresar por la reconstrucci\u00f3n del espacio.<\/p>\n\n\n\n<p>\u201cPor la pandemia nos bajaron del parque, despu\u00e9s duramos como medio a\u00f1o sin trabajar, pero gracias a Dios empezamos a dialogar un poco y empezamos a trabajar en las calles. Despu\u00e9s nos dejaron regresar al parque mientras comenzaba la reconstrucci\u00f3n del parque. Las autoridades anteriores nos ten\u00edan marginados, pero gracias al nuevo alcalde llegamos a acuerdos\u201d, expres\u00f3.<\/p>\n\n\n\n<p>Se trata de 70 vendedores de globos, churros, papas fritas, juguetes, helados, hamburguesas y esquites, quienes llevaban casi dos a\u00f1os sin poder laborar en los lugares que les fueron asignados por administraciones pasadas.<\/p>\n\n\n\n<p>Los comerciantes est\u00e1n adheridos a la Confederaci\u00f3n de Trabajadores de M\u00e9xico (CTM), Confederaci\u00f3n Revolucionaria de Obreros y Campesinos (CROC), y Antorcha Campesina.<\/p>\n\n\n\n<p>El acuerdo con el alcalde de Coatepec, Raymundo Andrade Rivera, contempla que sus puestos fuesen pintados del color azul, que garantizar\u00e1n las medidas sanitarias, que los vendedores se uniformaran y colocaran lonas antiderrapantes para evitar da\u00f1os en el piso del parque.<\/p>\n\n\n\n<p>\u201cEs para cuidar el piso, eso es para los compa\u00f1eros que usan grasa, chile y todo eso para que no carcoma la piedra y se vea bonito\u201d, enfatiz\u00f3 Antonio Velasco.<\/p>\n\n\n\n<p>Los puestos han lucido llenos durante este fin de semana. La mayor\u00eda proporciona gel antibacterial y exige el uso de cubrebocas.<\/p>\n\n\n\n<p>Los vendedores retornaron al parque a las 11:00 horas del s\u00e1bado 22 de enero, donde permanecer\u00e1n hasta despu\u00e9s de las diez de la noche, durante toda la semana.<\/p>\n","protected":false},"excerpt":{"rendered":"<p>Juan Arcos Coatepec, Ver.- Despu\u00e9s de casi dos a\u00f1os, este fin de semana los comerciantes semifijos del municipio de Coatepec regresaron al parque Miguel Hidalgo y recuperaron sus espacios laborales. De acuerdo con Antonio Velasco, comerciante de botanas, se retiraron del parque por la pandemia del Sars-Cov2 (Covid-19) y posteriormente no pudieron regresar por la [&hellip;]<\/p>\n","protected":false},"author":1,"featured_media":22616,"comment_status":"open","ping_status":"open","sticky":false,"template":"","format":"standard","meta":{"_jetpack_memberships_contains_paid_content":false,"footnotes":""},"categories":[8],"tags":[],"class_list":["post-22615","post","type-post","status-publish","format-standard","has-post-thumbnail","hentry","category-region"],"jetpack_featured_media_url":"https:\/\/encuentroinformativo.com.mx\/wp-content\/uploads\/2022\/01\/5238CCF7-ED8B-4EBF-AF3E-8DBCB7BE5938.jpeg","jetpack_sharing_enabled":true,"jetpack_likes_enabled":true,"amp_enabled":true,"_links":{"self":[{"href":"https:\/\/encuentroinformativo.com.mx\/index.php?rest_route=\/wp\/v2\/posts\/22615","targetHints":{"allow":["GET"]}}],"collection":[{"href":"https:\/\/encuentroinformativo.com.mx\/index.php?rest_route=\/wp\/v2\/posts"}],"about":[{"href":"https:\/\/encuentroinformativo.com.mx\/index.php?rest_route=\/wp\/v2\/types\/post"}],"author":[{"embeddable":true,"href":"https:\/\/encuentroinformativo.com.mx\/index.php?rest_route=\/wp\/v2\/users\/1"}],"replies":[{"embeddable":true,"href":"https:\/\/encuentroinformativo.com.mx\/index.php?rest_route=%2Fwp%2Fv2%2Fcomments&post=22615"}],"version-history":[{"count":1,"href":"https:\/\/encuentroinformativo.com.mx\/index.php?rest_route=\/wp\/v2\/posts\/22615\/revisions"}],"predecessor-version":[{"id":22618,"href":"https:\/\/encuentroinformativo.com.mx\/index.php?rest_route=\/wp\/v2\/posts\/22615\/revisions\/22618"}],"wp:featuredmedia":[{"embeddable":true,"href":"https:\/\/encuentroinformativo.com.mx\/index.php?rest_route=\/wp\/v2\/media\/22616"}],"wp:attachment":[{"href":"https:\/\/encuentroinformativo.com.mx\/index.php?rest_route=%2Fwp%2Fv2%2Fmedia&parent=22615"}],"wp:term":[{"taxonomy":"category","embeddable":true,"href":"https:\/\/encuentroinformativo.com.mx\/index.php?rest_route=%2Fwp%2Fv2%2Fcategories&post=22615"},{"taxonomy":"post_tag","embeddable":true,"href":"https:\/\/encuentroinformativo.com.mx\/index.php?rest_route=%2Fwp%2Fv2%2Ftags&post=22615"}],"curies":[{"name":"wp","href":"https:\/\/api.w.org\/{rel}","templated":true}]}}