{"id":22619,"date":"2022-01-23T17:16:05","date_gmt":"2022-01-23T23:16:05","guid":{"rendered":"https:\/\/encuentroinformativo.com.mx\/?p=22619"},"modified":"2022-01-23T17:16:08","modified_gmt":"2022-01-23T23:16:08","slug":"por-repunte-de-covid-cerrara-sus-puertas-crisver","status":"publish","type":"post","link":"https:\/\/encuentroinformativo.com.mx\/?p=22619","title":{"rendered":"Por repunte de Covid, cerrar\u00e1 sus puertas Crisver"},"content":{"rendered":"\n<p><strong>Juan Arcos<\/strong><\/p>\n\n\n\n<p>Xalapa, Ver.- El Centro de Rehabilitaci\u00f3n e Inclusi\u00f3n Social (Crisver), ubicado en esta ciudad de Xalapa, cerrar\u00e1 sus puertas del 24 al 31 de enero por el incremento de casos de Sars-Cov2 (Covid-19).<\/p>\n\n\n\n<p>De acuerdo con familiares de los pacientes del Crisver, la suspensi\u00f3n de actividades corresponde a los recientes cambios en el sem\u00e1foro epidemiol\u00f3gico regional.<\/p>\n\n\n\n<p>Cabe recordar que siete municipios de Veracruz, entre ellos Xalapa, retroceden al sem\u00e1foro naranja, de riesgo alto de contagio,\u00a0del 24 de enero al 06 de febrero.\u00a0<\/p>\n\n\n\n<p>\u201cAvisaron en el grupo de familiares (de WhatsApp), de personas que tenemos pacientes en el Crisver, que se suspend\u00edan las agendas para esta semana y la pr\u00f3xima por los cambios en el sem\u00e1foro de salud\u201d, expresaron.<\/p>\n\n\n\n<p>Madres y padres de familia est\u00e1n en la incertidumbre, pues sospechan que el cierre del Crisver pueda prolongarse durante m\u00e1s semanas y los pacientes se queden sin la atenci\u00f3n que necesitan.<\/p>\n\n\n\n<p>\u201cGenera un poco de duda porque por un lado el gobernador (Cuitl\u00e1huac Garc\u00eda Jim\u00e9nez) dice que no hay que preocuparse, pero por otro ya est\u00e1n empezando a suspender accesos importantes\u201d, a\u00f1adieron.<\/p>\n\n\n\n<p>El Crisver depende del gobierno estatal, est\u00e1 sobre el circuito Arco Sur, en la zona sur de la capital del estado, y brinda rehabilitaci\u00f3n a personas con discapacidad.<\/p>\n\n\n\n<p>Las autoridades sanitarias contabilizaron hasta este momento 12 mil 463 casos positivos, mil 208 defunciones y 998 sospechosos en el municipio de Xalapa.\u00a0<\/p>\n","protected":false},"excerpt":{"rendered":"<p>Juan Arcos Xalapa, Ver.- El Centro de Rehabilitaci\u00f3n e Inclusi\u00f3n Social (Crisver), ubicado en esta ciudad de Xalapa, cerrar\u00e1 sus puertas del 24 al 31 de enero por el incremento de casos de Sars-Cov2 (Covid-19). De acuerdo con familiares de los pacientes del Crisver, la suspensi\u00f3n de actividades corresponde a los recientes cambios en el [&hellip;]<\/p>\n","protected":false},"author":1,"featured_media":22620,"comment_status":"open","ping_status":"open","sticky":false,"template":"","format":"standard","meta":{"_jetpack_memberships_contains_paid_content":false,"footnotes":""},"categories":[3],"tags":[],"class_list":["post-22619","post","type-post","status-publish","format-standard","has-post-thumbnail","hentry","category-xalapa"],"jetpack_featured_media_url":"https:\/\/encuentroinformativo.com.mx\/wp-content\/uploads\/2022\/01\/D3A31614-EE1C-4B8C-93DD-934402E64ADD.jpeg","jetpack_sharing_enabled":true,"jetpack_likes_enabled":true,"amp_enabled":true,"_links":{"self":[{"href":"https:\/\/encuentroinformativo.com.mx\/index.php?rest_route=\/wp\/v2\/posts\/22619","targetHints":{"allow":["GET"]}}],"collection":[{"href":"https:\/\/encuentroinformativo.com.mx\/index.php?rest_route=\/wp\/v2\/posts"}],"about":[{"href":"https:\/\/encuentroinformativo.com.mx\/index.php?rest_route=\/wp\/v2\/types\/post"}],"author":[{"embeddable":true,"href":"https:\/\/encuentroinformativo.com.mx\/index.php?rest_route=\/wp\/v2\/users\/1"}],"replies":[{"embeddable":true,"href":"https:\/\/encuentroinformativo.com.mx\/index.php?rest_route=%2Fwp%2Fv2%2Fcomments&post=22619"}],"version-history":[{"count":1,"href":"https:\/\/encuentroinformativo.com.mx\/index.php?rest_route=\/wp\/v2\/posts\/22619\/revisions"}],"predecessor-version":[{"id":22621,"href":"https:\/\/encuentroinformativo.com.mx\/index.php?rest_route=\/wp\/v2\/posts\/22619\/revisions\/22621"}],"wp:featuredmedia":[{"embeddable":true,"href":"https:\/\/encuentroinformativo.com.mx\/index.php?rest_route=\/wp\/v2\/media\/22620"}],"wp:attachment":[{"href":"https:\/\/encuentroinformativo.com.mx\/index.php?rest_route=%2Fwp%2Fv2%2Fmedia&parent=22619"}],"wp:term":[{"taxonomy":"category","embeddable":true,"href":"https:\/\/encuentroinformativo.com.mx\/index.php?rest_route=%2Fwp%2Fv2%2Fcategories&post=22619"},{"taxonomy":"post_tag","embeddable":true,"href":"https:\/\/encuentroinformativo.com.mx\/index.php?rest_route=%2Fwp%2Fv2%2Ftags&post=22619"}],"curies":[{"name":"wp","href":"https:\/\/api.w.org\/{rel}","templated":true}]}}