{"id":2263,"date":"2020-05-01T15:37:02","date_gmt":"2020-05-01T20:37:02","guid":{"rendered":"https:\/\/encuentroinformativo.com\/?p=2263"},"modified":"2020-05-01T15:37:04","modified_gmt":"2020-05-01T20:37:04","slug":"central-de-abastos-foco-de-infeccion-segun-pc","status":"publish","type":"post","link":"https:\/\/encuentroinformativo.com.mx\/?p=2263","title":{"rendered":"Central de abastos foco de infecci\u00f3n, seg\u00fan PC"},"content":{"rendered":"\n<p><strong>Dar\u00edo Pale <\/strong><\/p>\n\n\n\n<p>Xalapa, Ver.- El Director de Protecci\u00f3n Civil municipal, Jos\u00e9 de Jes\u00fas Vargas Hern\u00e1ndez dio a conocer que la Central de abastos es considerada como un foco rojo de infecci\u00f3n ya que es considerada una zona de riesgo de contaminaci\u00f3n de coronavirus porque llegan productos y personas de otros estados.<\/p>\n\n\n\n<p>En entrevista se\u00f1al\u00f3 que la siguiente semana ser\u00e1 sanitizada la Central de Abastos, &#8220;vamos a entrar el d\u00eda lunes a hacer la sanitizaci\u00f3n de todas las naves de la Central de Abastos en coordinaci\u00f3n con los usuarios de ah\u00ed de las bodegas. Para nosotros representa un punto rojo indudable la central de abastos. Llega mucha gente de otros estados, ah\u00ed se llevan a cabo las ventas de los productos, salen y de ah\u00ed sale el producto que tambi\u00e9n se disemina a los mismos tianguis. Ah\u00ed tenemos que cerrar el eslab\u00f3n para evitar que salgan contagios en esa zona&#8221;.<\/p>\n\n\n\n<p>Adem\u00e1s se cuidar\u00e1 que no acudan m\u00e1s de dos personas a hacer sus compras y que los vendedores usen cubrebocas y otorguen gel antibacterial.<\/p>\n\n\n\n<p>Aunque los locatarios ya han realizado jornadas de limpieza, es la primera vez que las autoridades municipales sanitizar\u00e1n este espacio donde se realiza una de las principales actividades comerciales al mayoreo de productos de primera necesidad y de donde se surten varios comercios locales.<\/p>\n\n\n\n<p>Desde hace tres semanas Protecci\u00f3n Civil realiza recorridos y trabajos de sanidad en los tianguis y mercados a donde sigue asistiendo un gran n\u00famero de personas, mismos que son considerados los espacios donde hay m\u00e1s riesgos de contagios.<\/p>\n\n\n\n<p>&#8220;Se est\u00e1n realizando diariamente donde se instala un tianguis, que ya tenemos un rol de cada d\u00eda donde se instalan los tianguis y estamos llegando previo a que se instalen, a hacer una sanitizaci\u00f3n de piso, empiezan a armar sus estructuras, se hace una sanitizaci\u00f3n de las estructuras de los puestos, se instalan y as\u00ed hemos estado\u201d inform\u00f3.<\/p>\n\n\n\n<p>Finalmente Vargas Hern\u00e1ndez, inform\u00f3 que hasta ahora se han realizado 76 sanitizaciones en tianguis, mercados, entradas de bancos y centros comerciales.<\/p>\n\n\n\n<p><\/p>\n","protected":false},"excerpt":{"rendered":"<p>Dar\u00edo Pale Xalapa, Ver.- El Director de Protecci\u00f3n Civil municipal, Jos\u00e9 de Jes\u00fas Vargas Hern\u00e1ndez dio a conocer que la Central de abastos es considerada como un foco rojo de infecci\u00f3n ya que es considerada una zona de riesgo de contaminaci\u00f3n de coronavirus porque llegan productos y personas de otros estados. En entrevista se\u00f1al\u00f3 que [&hellip;]<\/p>\n","protected":false},"author":1,"featured_media":2264,"comment_status":"open","ping_status":"open","sticky":false,"template":"","format":"standard","meta":{"_jetpack_memberships_contains_paid_content":false,"footnotes":""},"categories":[8],"tags":[],"class_list":["post-2263","post","type-post","status-publish","format-standard","has-post-thumbnail","hentry","category-region"],"jetpack_featured_media_url":"https:\/\/encuentroinformativo.com.mx\/wp-content\/uploads\/2020\/05\/C0B4378E-56BB-4A73-B085-BEF2AF82CD70.jpeg","jetpack_sharing_enabled":true,"jetpack_likes_enabled":true,"amp_enabled":true,"_links":{"self":[{"href":"https:\/\/encuentroinformativo.com.mx\/index.php?rest_route=\/wp\/v2\/posts\/2263","targetHints":{"allow":["GET"]}}],"collection":[{"href":"https:\/\/encuentroinformativo.com.mx\/index.php?rest_route=\/wp\/v2\/posts"}],"about":[{"href":"https:\/\/encuentroinformativo.com.mx\/index.php?rest_route=\/wp\/v2\/types\/post"}],"author":[{"embeddable":true,"href":"https:\/\/encuentroinformativo.com.mx\/index.php?rest_route=\/wp\/v2\/users\/1"}],"replies":[{"embeddable":true,"href":"https:\/\/encuentroinformativo.com.mx\/index.php?rest_route=%2Fwp%2Fv2%2Fcomments&post=2263"}],"version-history":[{"count":1,"href":"https:\/\/encuentroinformativo.com.mx\/index.php?rest_route=\/wp\/v2\/posts\/2263\/revisions"}],"predecessor-version":[{"id":2265,"href":"https:\/\/encuentroinformativo.com.mx\/index.php?rest_route=\/wp\/v2\/posts\/2263\/revisions\/2265"}],"wp:featuredmedia":[{"embeddable":true,"href":"https:\/\/encuentroinformativo.com.mx\/index.php?rest_route=\/wp\/v2\/media\/2264"}],"wp:attachment":[{"href":"https:\/\/encuentroinformativo.com.mx\/index.php?rest_route=%2Fwp%2Fv2%2Fmedia&parent=2263"}],"wp:term":[{"taxonomy":"category","embeddable":true,"href":"https:\/\/encuentroinformativo.com.mx\/index.php?rest_route=%2Fwp%2Fv2%2Fcategories&post=2263"},{"taxonomy":"post_tag","embeddable":true,"href":"https:\/\/encuentroinformativo.com.mx\/index.php?rest_route=%2Fwp%2Fv2%2Ftags&post=2263"}],"curies":[{"name":"wp","href":"https:\/\/api.w.org\/{rel}","templated":true}]}}