{"id":22641,"date":"2022-01-24T11:32:50","date_gmt":"2022-01-24T17:32:50","guid":{"rendered":"https:\/\/encuentroinformativo.com.mx\/?p=22641"},"modified":"2022-01-24T11:32:53","modified_gmt":"2022-01-24T17:32:53","slug":"en-el-congreso-colectivos-reclaman-respuestas-a-la-fge","status":"publish","type":"post","link":"https:\/\/encuentroinformativo.com.mx\/?p=22641","title":{"rendered":"En el Congreso, Colectivos reclaman respuestas a la FGE"},"content":{"rendered":"\n<p><strong>Dar\u00edo Pale<\/strong><\/p>\n\n\n\n<p>Xalapa, Ver.- Debido a la comparecencia de la Fiscal General del Estado ante el Congreso los integrantes del colectivo Buscando a Nuestros Desaparecidos y Desaparecidas Veracruz, protestan afuera del Congreso del Estado para pedir a los diputados hagan diferentes preguntas a la fiscal general, Ver\u00f3nica Hern\u00e1ndez Giad\u00e1ns.<\/p>\n\n\n\n<p>Previo a la comparecencia el colectivo se manifest\u00f3 a las afueras del Congreso del Estado ya que exigen avances en las carpetas de investigaci\u00f3n, si no les entregan cuerpos, no hay avances, sostienen, al igual que varios preguntas.<\/p>\n\n\n\n<p>Dieron a conocer que algunas de esas preguntas son como se integrar\u00e1 la Unidad de An\u00e1lisis de Contexto en fiscal\u00eda conforme al acuerdo 10\/2021 de fecha 26 de agosto de 2021.<\/p>\n\n\n\n<p>Asimismo \u00bfcu\u00e1l es el mecanismo de colaboraci\u00f3n para las b\u00fasquedas?, \u00bfQuien fungir\u00e1 para la vinculaci\u00f3n directa con la fiscal especializada? \u00bfDe qu\u00e9 manera se garantizar\u00e1 la inclusi\u00f3n de las familias en el an\u00e1lisis de contexto?, y citan a la Comisi\u00f3n especial dentro de la Comisi\u00f3n de evaluaci\u00f3n y seguimiento donde la Fiscal\u00eda no ha participado para el caso de La Guapota en particular los contextos que se han socializado han sido por parte de la Comision Estatal de B\u00fasqueda exclusivamente.<\/p>\n\n\n\n<p>Tambi\u00e9n pidieron saber sin comprometer la investigaci\u00f3n, \u00bfen qu\u00e9 parte del plan integral de intervenci\u00f3n del predio La Guapota se encuentran?<\/p>\n\n\n\n<p>De la misma manera, sobre el predio de La M\u00e1quina de Playa Vicente, quieren que se les informe los tiempos de ejecuci\u00f3n del plan y qu\u00e9 ha pasado con los restos exhumados en las diligencias anteriores.<\/p>\n\n\n\n<p>Los integrantes de este colectivo preguntan si existe un plan de intervenci\u00f3n del pante\u00f3n de Palo Verde en el municipio de Xalapa, donde se tiene el registro de m\u00e1s de 90 cuerpos inhumados sin datos de resguardo como la Ley obliga desde el 2010 y hasta el 2016, \u00bfcu\u00e1ndo iniciaron los trabajos de exhumaci\u00f3n?<\/p>\n\n\n\n<p>En entrevista la se\u00f1ora Esperanza Hern\u00e1ndez Hern\u00e1ndez, exigi\u00f3 a la Fiscal de a conocer los avances de las diversas carpetas de investigaci\u00f3n qu\u00e9 existen en todo el Estado.<\/p>\n\n\n\n<p>&#8220;Venimos a pedir justicia que la Fiscal haga su trabajo, que nos entregue a nuestros familiares, mientras no nos entreguen a nadie no hay avances&#8221;, se\u00f1al\u00f3.<\/p>\n\n\n\n<p>Cuestionada en relaci\u00f3n a qu\u00e9 le responde ante estas exigencias, sostuvo que la representante del organismo aut\u00f3nomo ni siquiera los atiende.<\/p>\n\n\n\n<p>&#8220;Ni siquiera nos ha recibido, queremos que inicia la revisi\u00f3n de carpetas y que cumplan con todo lo atrasado&#8221;, acus\u00f3.<\/p>\n\n\n\n<p>Asegur\u00f3 que tan s\u00f3lo del colectivo que representa no hay una sola carpeta de investigaci\u00f3n que tengan conocimiento de sus avances, ya que, insisti\u00f3, si no les entregan los cuerpos, no hay avances.<\/p>\n\n\n\n<p>Finalmente el Colectivo pregunta tambi\u00e9n a la Fiscal sobre los panteones municipales de Naolinco, y Actopan, en donde existen un registro de cuerpos inhumanos sin datos de resguardo y por ello pregunta si existe alg\u00fan plan de exhumaci\u00f3n para esos lugares.<\/p>\n","protected":false},"excerpt":{"rendered":"<p>Dar\u00edo Pale Xalapa, Ver.- Debido a la comparecencia de la Fiscal General del Estado ante el Congreso los integrantes del colectivo Buscando a Nuestros Desaparecidos y Desaparecidas Veracruz, protestan afuera del Congreso del Estado para pedir a los diputados hagan diferentes preguntas a la fiscal general, Ver\u00f3nica Hern\u00e1ndez Giad\u00e1ns. Previo a la comparecencia el colectivo [&hellip;]<\/p>\n","protected":false},"author":1,"featured_media":22642,"comment_status":"open","ping_status":"open","sticky":false,"template":"","format":"standard","meta":{"_jetpack_memberships_contains_paid_content":false,"footnotes":""},"categories":[3],"tags":[],"class_list":["post-22641","post","type-post","status-publish","format-standard","has-post-thumbnail","hentry","category-xalapa"],"jetpack_featured_media_url":"https:\/\/encuentroinformativo.com.mx\/wp-content\/uploads\/2022\/01\/2289C091-E456-44C1-BAD5-2BBA369CAEC0.jpeg","jetpack_sharing_enabled":true,"jetpack_likes_enabled":true,"amp_enabled":true,"_links":{"self":[{"href":"https:\/\/encuentroinformativo.com.mx\/index.php?rest_route=\/wp\/v2\/posts\/22641","targetHints":{"allow":["GET"]}}],"collection":[{"href":"https:\/\/encuentroinformativo.com.mx\/index.php?rest_route=\/wp\/v2\/posts"}],"about":[{"href":"https:\/\/encuentroinformativo.com.mx\/index.php?rest_route=\/wp\/v2\/types\/post"}],"author":[{"embeddable":true,"href":"https:\/\/encuentroinformativo.com.mx\/index.php?rest_route=\/wp\/v2\/users\/1"}],"replies":[{"embeddable":true,"href":"https:\/\/encuentroinformativo.com.mx\/index.php?rest_route=%2Fwp%2Fv2%2Fcomments&post=22641"}],"version-history":[{"count":1,"href":"https:\/\/encuentroinformativo.com.mx\/index.php?rest_route=\/wp\/v2\/posts\/22641\/revisions"}],"predecessor-version":[{"id":22643,"href":"https:\/\/encuentroinformativo.com.mx\/index.php?rest_route=\/wp\/v2\/posts\/22641\/revisions\/22643"}],"wp:featuredmedia":[{"embeddable":true,"href":"https:\/\/encuentroinformativo.com.mx\/index.php?rest_route=\/wp\/v2\/media\/22642"}],"wp:attachment":[{"href":"https:\/\/encuentroinformativo.com.mx\/index.php?rest_route=%2Fwp%2Fv2%2Fmedia&parent=22641"}],"wp:term":[{"taxonomy":"category","embeddable":true,"href":"https:\/\/encuentroinformativo.com.mx\/index.php?rest_route=%2Fwp%2Fv2%2Fcategories&post=22641"},{"taxonomy":"post_tag","embeddable":true,"href":"https:\/\/encuentroinformativo.com.mx\/index.php?rest_route=%2Fwp%2Fv2%2Ftags&post=22641"}],"curies":[{"name":"wp","href":"https:\/\/api.w.org\/{rel}","templated":true}]}}