{"id":22644,"date":"2022-01-24T12:44:52","date_gmt":"2022-01-24T18:44:52","guid":{"rendered":"https:\/\/encuentroinformativo.com.mx\/?p=22644"},"modified":"2022-01-24T12:44:55","modified_gmt":"2022-01-24T18:44:55","slug":"familiares-piden-ayuda-a-gobierno-para-recuperar-a-menor","status":"publish","type":"post","link":"https:\/\/encuentroinformativo.com.mx\/?p=22644","title":{"rendered":"Familiares piden ayuda a Gobierno para recuperar a menor"},"content":{"rendered":"\n<p><strong>Dar\u00edo Pale<\/strong><\/p>\n\n\n\n<p>Xalapa, Ver.- Alfredo Cort\u00e9s Conde pap\u00e1 de Danelli Cortes Filobello, se manifestaron acompa\u00f1ados de familiares y amigos para denunciar que el esposo de Danelli, Luis Acosta Vel\u00e1zquez se qued\u00f3 con el menor de cinco a\u00f1os y no se lo quiere regresar.<\/p>\n\n\n\n<p>Se manifestaron frente a Palacio de Gobierno familiares y amigos de Danelli para solicitar el apoyo del Gobierno del Estado ya que tiene aproximadamente 10 d\u00edas que la abuela paterna fue por el menor a su domicilio en Lomas de Rogel en esta capital para llev\u00e1rselo a su pap\u00e1 a la colonia Seis de enero.<\/p>\n\n\n\n<p>Posteriormente al no regresarlo le marcaron por tel\u00e9fono a su mam\u00e1 donde logr\u00f3 hablar con su hijo y el menor solo le dijo que &#8220;casi no te quiero estoy bien con mis abuelos&#8221;, pero sospechan que el menor fue manipulado para que dijera eso por tel\u00e9fono.<\/p>\n\n\n\n<p>Por lo que bloquearon por unos minutos la calle de Enr\u00edquez y solicitaron el apoyo de gobierno del estado para que el padre del menor lo regrese a su mam\u00e1.<\/p>\n\n\n\n<p>Finalmente cabe se\u00f1alar que personal del gobierno del estado los atendi\u00f3 y los canalizaron a la Fiscal\u00eda General del Estado para que presentan las denuncias correspondientes y se hagan las investigaciones correspondientes.<br><\/p>\n\n\n\n<figure class=\"wp-block-image size-large\"><img loading=\"lazy\" decoding=\"async\" width=\"1019\" height=\"435\" src=\"https:\/\/encuentroinformativo.com.mx\/wp-content\/uploads\/2022\/01\/20FC2C3E-16D7-49B8-8A88-9BA009437706.jpeg\" alt=\"\" class=\"wp-image-22646\" srcset=\"https:\/\/encuentroinformativo.com.mx\/wp-content\/uploads\/2022\/01\/20FC2C3E-16D7-49B8-8A88-9BA009437706.jpeg 1019w, https:\/\/encuentroinformativo.com.mx\/wp-content\/uploads\/2022\/01\/20FC2C3E-16D7-49B8-8A88-9BA009437706-300x128.jpeg 300w, https:\/\/encuentroinformativo.com.mx\/wp-content\/uploads\/2022\/01\/20FC2C3E-16D7-49B8-8A88-9BA009437706-768x328.jpeg 768w\" sizes=\"auto, (max-width: 1019px) 100vw, 1019px\" \/><\/figure>\n","protected":false},"excerpt":{"rendered":"<p>Dar\u00edo Pale Xalapa, Ver.- Alfredo Cort\u00e9s Conde pap\u00e1 de Danelli Cortes Filobello, se manifestaron acompa\u00f1ados de familiares y amigos para denunciar que el esposo de Danelli, Luis Acosta Vel\u00e1zquez se qued\u00f3 con el menor de cinco a\u00f1os y no se lo quiere regresar. Se manifestaron frente a Palacio de Gobierno familiares y amigos de Danelli [&hellip;]<\/p>\n","protected":false},"author":1,"featured_media":22645,"comment_status":"open","ping_status":"open","sticky":false,"template":"","format":"standard","meta":{"_jetpack_memberships_contains_paid_content":false,"footnotes":""},"categories":[3],"tags":[],"class_list":["post-22644","post","type-post","status-publish","format-standard","has-post-thumbnail","hentry","category-xalapa"],"jetpack_featured_media_url":"https:\/\/encuentroinformativo.com.mx\/wp-content\/uploads\/2022\/01\/A75D820B-9A1F-4742-A873-BC61B523F22E.jpeg","jetpack_sharing_enabled":true,"jetpack_likes_enabled":true,"amp_enabled":true,"_links":{"self":[{"href":"https:\/\/encuentroinformativo.com.mx\/index.php?rest_route=\/wp\/v2\/posts\/22644","targetHints":{"allow":["GET"]}}],"collection":[{"href":"https:\/\/encuentroinformativo.com.mx\/index.php?rest_route=\/wp\/v2\/posts"}],"about":[{"href":"https:\/\/encuentroinformativo.com.mx\/index.php?rest_route=\/wp\/v2\/types\/post"}],"author":[{"embeddable":true,"href":"https:\/\/encuentroinformativo.com.mx\/index.php?rest_route=\/wp\/v2\/users\/1"}],"replies":[{"embeddable":true,"href":"https:\/\/encuentroinformativo.com.mx\/index.php?rest_route=%2Fwp%2Fv2%2Fcomments&post=22644"}],"version-history":[{"count":1,"href":"https:\/\/encuentroinformativo.com.mx\/index.php?rest_route=\/wp\/v2\/posts\/22644\/revisions"}],"predecessor-version":[{"id":22647,"href":"https:\/\/encuentroinformativo.com.mx\/index.php?rest_route=\/wp\/v2\/posts\/22644\/revisions\/22647"}],"wp:featuredmedia":[{"embeddable":true,"href":"https:\/\/encuentroinformativo.com.mx\/index.php?rest_route=\/wp\/v2\/media\/22645"}],"wp:attachment":[{"href":"https:\/\/encuentroinformativo.com.mx\/index.php?rest_route=%2Fwp%2Fv2%2Fmedia&parent=22644"}],"wp:term":[{"taxonomy":"category","embeddable":true,"href":"https:\/\/encuentroinformativo.com.mx\/index.php?rest_route=%2Fwp%2Fv2%2Fcategories&post=22644"},{"taxonomy":"post_tag","embeddable":true,"href":"https:\/\/encuentroinformativo.com.mx\/index.php?rest_route=%2Fwp%2Fv2%2Ftags&post=22644"}],"curies":[{"name":"wp","href":"https:\/\/api.w.org\/{rel}","templated":true}]}}