{"id":2266,"date":"2020-05-01T17:06:35","date_gmt":"2020-05-01T22:06:35","guid":{"rendered":"https:\/\/encuentroinformativo.com\/?p=2266"},"modified":"2020-05-01T17:06:38","modified_gmt":"2020-05-01T22:06:38","slug":"autoridades-muestran-apatia-ante-contingencia-vive","status":"publish","type":"post","link":"https:\/\/encuentroinformativo.com.mx\/?p=2266","title":{"rendered":"Autoridades muestran apat\u00eda ante contingencia: VIVE"},"content":{"rendered":"\n<p><strong>Dar\u00edo Pale <\/strong><\/p>\n\n\n\n<p>Xalapa, Ver.- Pablo Jim\u00e9nez Ayala presidente de la organizaci\u00f3n de Vendedores Independientes del estado de Veracruz (VIVE) A.C., se\u00f1al\u00f3 que debido a la apat\u00eda por parte de los tres niveles de gobierno la sociedad puede tomar otras alternativas que afecten a la sociedad.<\/p>\n\n\n\n<p>Entrevistado en conocido caf\u00e9 de Zaragoza se\u00f1al\u00f3 que el estado no cancel\u00f3 el desfile fueron los integrantes del comit\u00e9 organizador del desfile del primero de mayo en el cual est\u00e1n comprendidos por maestros de las secciones 32, 56, CROC, CTM, CNOP y Organizaciones sociales entre otros.<\/p>\n\n\n\n<p>Coment\u00f3 que este comit\u00e9 est\u00e1 conformado desde hace m\u00e1s de 20 a\u00f1os, por lo que en pl\u00e1ticas previas valoraban la pandemia por lo que decidieron no marchar para proteger la integridad de sus compa\u00f1eros e hicieron un acuerdo el cual entregaron al gobierno del estado el 13 de abril donde informaron que por acuerdo no marchar\u00edan.<\/p>\n\n\n\n<p>En lo que se refiere a las afectaciones por la pandemia ya que el desempleo crece cada d\u00eda m\u00e1s, el comercio est\u00e1 cerrando y las empresas est\u00e1n despidiendo personal y a otros los est\u00e1n mandando a descansar, y lamentablemente a nivel federal, estatal y municipal no hay programas para que la ciudadan\u00eda pueda llevar un paleativo.<\/p>\n\n\n\n<p>Se\u00f1al\u00f3 que la contingencia se puede ampliar hasta el 25 de junio, por lo que la econom\u00eda tardar\u00e1 en restablecerse hasta septiembre u octubre y las personas resultan m\u00e1s afectadas, por lo que como organizaci\u00f3n est\u00e1n molestos y no se han acercado al municipio ya que solo est\u00e1 dando despensas y los tratan como limosneros y esta solo le alcanza para un d\u00eda o dos.<\/p>\n\n\n\n<p>Coment\u00f3 que no quieren que el ayuntamiento los mantenga, pero que se abran espacios ya que comentan que habr\u00e1 empleo temporal el cual quisieran saber cu\u00e1l es y quienes van a tener acceso a ellos, \u00a0ya que los programas est\u00e1n siendo destinados a determinados sectores.<\/p>\n\n\n\n<p>Lament\u00f3 que las colonias est\u00e9n desprotegidas al igual que las personas m\u00e1s marginadas ya que son los m\u00e1s vulnerables y est\u00e1n vendiendo las herramientas de trabajo, est\u00e1n empe\u00f1ando la m\u00e1quina de coser ya que est\u00e1n sufriendo una falta de recurso m\u00e1s fuerte.<\/p>\n\n\n\n<p>Lament\u00f3 que en Xalapa se haya perdido el 40 por ciento del empleo de forma total y el otro 60 esta en <em>stand by<\/em>, los empresarios estan viendo la posibilidad que al finalizar la pandemia tengan que despedir a m\u00e1s personal, lo cual habla de una situaci\u00f3n muy grave.<\/p>\n\n\n\n<p>Finalmente se\u00f1al\u00f3 que en lo que respecta al sector tur\u00edstico es algo que ayuda a Xalapa est\u00e1 en ceros, lo cual ha ocasionado que el transporte p\u00fablico se vea muy afectadas algunas rutas y los tres niveles de gobierno hay una apat\u00eda negativa y esto puede crear una cuesti\u00f3n social negativa que en su desesperaci\u00f3n se pueda dedicar a otras cosas, que no son nada viables para la sociedad.<\/p>\n\n\n\n<p><\/p>\n","protected":false},"excerpt":{"rendered":"<p>Dar\u00edo Pale Xalapa, Ver.- Pablo Jim\u00e9nez Ayala presidente de la organizaci\u00f3n de Vendedores Independientes del estado de Veracruz (VIVE) A.C., se\u00f1al\u00f3 que debido a la apat\u00eda por parte de los tres niveles de gobierno la sociedad puede tomar otras alternativas que afecten a la sociedad. Entrevistado en conocido caf\u00e9 de Zaragoza se\u00f1al\u00f3 que el estado [&hellip;]<\/p>\n","protected":false},"author":1,"featured_media":2267,"comment_status":"open","ping_status":"open","sticky":false,"template":"","format":"standard","meta":{"_jetpack_memberships_contains_paid_content":false,"footnotes":""},"categories":[3],"tags":[],"class_list":["post-2266","post","type-post","status-publish","format-standard","has-post-thumbnail","hentry","category-xalapa"],"jetpack_featured_media_url":"https:\/\/encuentroinformativo.com.mx\/wp-content\/uploads\/2020\/05\/C9FD17DF-ACC9-402B-A07C-2BB46CCEACD3.jpeg","jetpack_sharing_enabled":true,"jetpack_likes_enabled":true,"amp_enabled":true,"_links":{"self":[{"href":"https:\/\/encuentroinformativo.com.mx\/index.php?rest_route=\/wp\/v2\/posts\/2266","targetHints":{"allow":["GET"]}}],"collection":[{"href":"https:\/\/encuentroinformativo.com.mx\/index.php?rest_route=\/wp\/v2\/posts"}],"about":[{"href":"https:\/\/encuentroinformativo.com.mx\/index.php?rest_route=\/wp\/v2\/types\/post"}],"author":[{"embeddable":true,"href":"https:\/\/encuentroinformativo.com.mx\/index.php?rest_route=\/wp\/v2\/users\/1"}],"replies":[{"embeddable":true,"href":"https:\/\/encuentroinformativo.com.mx\/index.php?rest_route=%2Fwp%2Fv2%2Fcomments&post=2266"}],"version-history":[{"count":1,"href":"https:\/\/encuentroinformativo.com.mx\/index.php?rest_route=\/wp\/v2\/posts\/2266\/revisions"}],"predecessor-version":[{"id":2268,"href":"https:\/\/encuentroinformativo.com.mx\/index.php?rest_route=\/wp\/v2\/posts\/2266\/revisions\/2268"}],"wp:featuredmedia":[{"embeddable":true,"href":"https:\/\/encuentroinformativo.com.mx\/index.php?rest_route=\/wp\/v2\/media\/2267"}],"wp:attachment":[{"href":"https:\/\/encuentroinformativo.com.mx\/index.php?rest_route=%2Fwp%2Fv2%2Fmedia&parent=2266"}],"wp:term":[{"taxonomy":"category","embeddable":true,"href":"https:\/\/encuentroinformativo.com.mx\/index.php?rest_route=%2Fwp%2Fv2%2Fcategories&post=2266"},{"taxonomy":"post_tag","embeddable":true,"href":"https:\/\/encuentroinformativo.com.mx\/index.php?rest_route=%2Fwp%2Fv2%2Ftags&post=2266"}],"curies":[{"name":"wp","href":"https:\/\/api.w.org\/{rel}","templated":true}]}}