{"id":22671,"date":"2022-01-24T15:23:56","date_gmt":"2022-01-24T21:23:56","guid":{"rendered":"https:\/\/encuentroinformativo.com.mx\/?p=22671"},"modified":"2022-01-24T15:24:00","modified_gmt":"2022-01-24T21:24:00","slug":"bancada-del-pri-apoyo-ampliacion-presupuestal-a-fiscalia-afirman-diputados","status":"publish","type":"post","link":"https:\/\/encuentroinformativo.com.mx\/?p=22671","title":{"rendered":"Bancada del PRI apoy\u00f3 ampliaci\u00f3n presupuestal a Fiscal\u00eda, afirman diputados"},"content":{"rendered":"\n<p>Xalapa, Ver.- Durante la comparecencia de la titular de la Fiscal\u00eda General del Estado, la Diputada Arianna Angeles Aguirre record\u00f3 que la bancada del PRI en el Congreso del Estado, durante la discusi\u00f3n del Presupuesto de Egresos para 2022, levant\u00f3 la voz y solicit\u00f3 la ampliaci\u00f3n del presupuesto para esta instituci\u00f3n, mientras que la mayor\u00eda legislativa de Morena prefiri\u00f3 callar.\u00a0<\/p>\n\n\n\n<p>Adem\u00e1s, se\u00f1al\u00f3 que distintos estudios sobre la procuraci\u00f3n de justicia en los estados de la Rep\u00fablica Mexicana muestran que Veracruz se encuentra en los \u00faltimos lugares. &#8220;Cuando vemos con atenci\u00f3n lo que se publica en distintos estudios sobre Procuraci\u00f3n de Justicia en los Estados, el caso de Veracruz nos llena de frustraci\u00f3n. En 2018, Veracruz estaba en el lugar 28; ahora en 2021, est\u00e1 en el 30, est\u00e1 peor que antes&#8221;, dijo la Secretaria de la Mesa Directiva, Arianna Angeles.<\/p>\n\n\n\n<p>Al respecto, la Fiscal General, Ver\u00f3nica Hern\u00e1ndez Giad\u00e1ns, reconoci\u00f3 la voluntad pol\u00edtica del Grupo Legislativo del PRI, y exhort\u00f3 al resto de los diputados a observar que estados con menor n\u00famero de habitantes cuentan con mayor presupuesto p\u00fablico y actuar en consecuencia, &#8220;no hay que sentirse frustrados, debemos generar acuerdos y apoyos para poder fortalecer las instituciones de procuraci\u00f3n de justicia&#8221;, dijo.&nbsp;<\/p>\n\n\n\n<p>En este sentido la legisladora priista mencion\u00f3 que la organizaci\u00f3n &#8216;Impunidad Cero&#8217;, a trav\u00e9s de su informe anual denominado \u201cIndice Estatal de Desempe\u00f1o de las Procuradur\u00edas Y Fiscal\u00edas 2021\u201d, muestra que Veracruz se encuentra en el lugar 31, por lo que cuestion\u00f3 &nbsp;las razones por las cu\u00e1les se encuentra en este n\u00famero y si la afectaci\u00f3n es debido al presupuesto asignado a la Fiscal\u00eda .&nbsp;<\/p>\n\n\n\n<p>Angeles Aguirre tambi\u00e9n dijo que la consultora internacional Control Risks, realiz\u00f3 un estudio donde muestra que en Veracruz presenta un &#8220;riesgo alto de seguridad&#8221; para las inversiones debido a los actos de violencia que se registran en todo el estado.&nbsp;<\/p>\n\n\n\n<p>Durante su segunda intervenci\u00f3n la Diputada cuestion\u00f3 a la Fiscal sobre 44 funcionarios con cargo de responsabilidad operativa hasta directiva, que presuntamente cobran doble plaza; esto de acuerdo a los portales de transparencia de la Fiscal\u00eda General del Estado y de otras Dependencias del Poder Ejecutivo que muestran que sus salarios van de los 23 mil pesos hasta los 109 mil pesos mensuales.&nbsp;<\/p>\n\n\n\n<p>Para finalizar la Diputada priista pregunt\u00f3 sobre las observaciones que le hizo la Auditor\u00eda Superior de la Federaci\u00f3n cuando revisaron los recursos provenientes del Fondo de Aportaciones de Seguridad P\u00fablica.&nbsp;<\/p>\n\n\n\n<p>\u201cMe refiero a la adjudicaci\u00f3n directa mediante contrato de fecha 14 de diciembre de 2020 a un proveedor que manifest\u00f3 contar con capacidad profesional, t\u00e9cnica, econ\u00f3mica y administrativa. Este proveedor de raz\u00f3n social VALMAR SALUD INTEGRAL SA de CV se le contrat\u00f3 para brindar servicios al Centro de Evaluaci\u00f3n y Control de Confianza por un monto de 2 millones de pesos, observando que, en RFC que su constituci\u00f3n ante el SAT fue el 13 de noviembre de 2020, un mes antes de su contrataci\u00f3n; lo que hizo presumir a la ASF que no ten\u00eda capacidad t\u00e9cnica, profesional, econ\u00f3mica y administrativa al momento de su contrataci\u00f3n\u201d, puntualiz\u00f3 la diputada.<\/p>\n","protected":false},"excerpt":{"rendered":"<p>Xalapa, Ver.- Durante la comparecencia de la titular de la Fiscal\u00eda General del Estado, la Diputada Arianna Angeles Aguirre record\u00f3 que la bancada del PRI en el Congreso del Estado, durante la discusi\u00f3n del Presupuesto de Egresos para 2022, levant\u00f3 la voz y solicit\u00f3 la ampliaci\u00f3n del presupuesto para esta instituci\u00f3n, mientras que la mayor\u00eda [&hellip;]<\/p>\n","protected":false},"author":1,"featured_media":22672,"comment_status":"open","ping_status":"open","sticky":false,"template":"","format":"standard","meta":{"_jetpack_memberships_contains_paid_content":false,"footnotes":""},"categories":[2],"tags":[],"class_list":["post-22671","post","type-post","status-publish","format-standard","has-post-thumbnail","hentry","category-estado"],"jetpack_featured_media_url":"https:\/\/encuentroinformativo.com.mx\/wp-content\/uploads\/2022\/01\/D1576809-4EE1-4743-984D-F37709371BBB.jpeg","jetpack_sharing_enabled":true,"jetpack_likes_enabled":true,"amp_enabled":true,"_links":{"self":[{"href":"https:\/\/encuentroinformativo.com.mx\/index.php?rest_route=\/wp\/v2\/posts\/22671","targetHints":{"allow":["GET"]}}],"collection":[{"href":"https:\/\/encuentroinformativo.com.mx\/index.php?rest_route=\/wp\/v2\/posts"}],"about":[{"href":"https:\/\/encuentroinformativo.com.mx\/index.php?rest_route=\/wp\/v2\/types\/post"}],"author":[{"embeddable":true,"href":"https:\/\/encuentroinformativo.com.mx\/index.php?rest_route=\/wp\/v2\/users\/1"}],"replies":[{"embeddable":true,"href":"https:\/\/encuentroinformativo.com.mx\/index.php?rest_route=%2Fwp%2Fv2%2Fcomments&post=22671"}],"version-history":[{"count":1,"href":"https:\/\/encuentroinformativo.com.mx\/index.php?rest_route=\/wp\/v2\/posts\/22671\/revisions"}],"predecessor-version":[{"id":22673,"href":"https:\/\/encuentroinformativo.com.mx\/index.php?rest_route=\/wp\/v2\/posts\/22671\/revisions\/22673"}],"wp:featuredmedia":[{"embeddable":true,"href":"https:\/\/encuentroinformativo.com.mx\/index.php?rest_route=\/wp\/v2\/media\/22672"}],"wp:attachment":[{"href":"https:\/\/encuentroinformativo.com.mx\/index.php?rest_route=%2Fwp%2Fv2%2Fmedia&parent=22671"}],"wp:term":[{"taxonomy":"category","embeddable":true,"href":"https:\/\/encuentroinformativo.com.mx\/index.php?rest_route=%2Fwp%2Fv2%2Fcategories&post=22671"},{"taxonomy":"post_tag","embeddable":true,"href":"https:\/\/encuentroinformativo.com.mx\/index.php?rest_route=%2Fwp%2Fv2%2Ftags&post=22671"}],"curies":[{"name":"wp","href":"https:\/\/api.w.org\/{rel}","templated":true}]}}