{"id":22674,"date":"2022-01-24T16:15:08","date_gmt":"2022-01-24T22:15:08","guid":{"rendered":"https:\/\/encuentroinformativo.com.mx\/?p=22674"},"modified":"2022-01-24T16:15:12","modified_gmt":"2022-01-24T22:15:12","slug":"disminuyen-vacantes-para-docentes-afirma-oficial-mayor","status":"publish","type":"post","link":"https:\/\/encuentroinformativo.com.mx\/?p=22674","title":{"rendered":"Disminuyen vacantes para docentes, afirma Oficial Mayor"},"content":{"rendered":"\n<p><strong>Dar\u00edo Pale <\/strong><\/p>\n\n\n\n<p>Xalapa, Ver.- La oficial mayor de la Secretar\u00eda de Educaci\u00f3n de Veracruz (SEV), Selene Aguilar Amaya dio a conocer que debido a que muchos atrasaron su jubilaci\u00f3n y por las modificaciones a la ley del ISSSTE donde se ampli\u00f3 la edad para el retiro, existen menos vacantes para los docentes.<\/p>\n\n\n\n<p>Entrevistada en las calles del centro de Xalapa coment\u00f3 que las plazas de Telebachillerato solo se pueden asignar cuando una de ellas queda vacante, pero lamentablemente no son suficientes para que todos puedan tener acceso a una de ellas.<\/p>\n\n\n\n<p>Dio a conocer que el a\u00f1o pasado tuvieron una problem\u00e1tica similar donde algunos docente que hab\u00edan egresado se quejaban de que no hab\u00eda plazas suficientes y quer\u00edan que se ofertar\u00e1n m\u00e1s, pero ellos dependes de los maestros que se retiran o se jubilan para poderlas otorgar.<\/p>\n\n\n\n<p>Debido a la pandemia el a\u00f1o pasado algunos docentes decidieron aplazar su retiro ya que como estaban dando clases desde su casa ya no ten\u00edan que viajar, otra cosa que les afect\u00f3 tambi\u00e9n fue el cambio d la ely del ISSSTE, ya que cambi\u00f3 la edad para olerse jubilar y el a\u00f1o pasado fue esa transici\u00f3n donde se alarg\u00f3 el periodo para jubilarse.<\/p>\n\n\n\n<p>Se\u00f1al\u00f3 que en las que son por asignatura hay algunas que no se ofertan debido a que no hay plazas y casi no se jubilan como son en el caso de educaci\u00f3n f\u00edsica hay muy pocas plazas que existen en el estado, pero en primaria si hay una gran cantidad de docentes por lo que es donde m\u00e1s se ofertan.<\/p>\n\n\n\n<p>En otro orden de ideas en lo que corresponde a las escuelas que suspendieron las clases presenciales se\u00f1al\u00f3 que hasta el momento suman 66 las escuelas de educaci\u00f3n b\u00e1sica en Veracruz por contagios de COVID-19, a diferencia de las variantes anteriores, se prev\u00e9 que \u00d3micron no retrase mucho el regreso a las aulas.<\/p>\n\n\n\n<p>&#8220;Esperamos que ya confirmen va menguando esta oleada que hubo de contagios ya vayan regresando estas 66 escuelas&#8221;, coment\u00f3.<\/p>\n\n\n\n<p>Expuso que los contagios reportados se registran entre docentes y no se trata de casos graves, &#8220;ninguna fue reportada con casos graves, ning\u00fan caso de hospitalizaci\u00f3n&#8221;.<\/p>\n\n\n\n<p>Por \u00faltimo destac\u00f3 que se continuar\u00e1n aplicando las medidas sanitarias al ingreso y durante la permanencia en los planteles.<\/p>\n","protected":false},"excerpt":{"rendered":"<p>Dar\u00edo Pale Xalapa, Ver.- La oficial mayor de la Secretar\u00eda de Educaci\u00f3n de Veracruz (SEV), Selene Aguilar Amaya dio a conocer que debido a que muchos atrasaron su jubilaci\u00f3n y por las modificaciones a la ley del ISSSTE donde se ampli\u00f3 la edad para el retiro, existen menos vacantes para los docentes. Entrevistada en las [&hellip;]<\/p>\n","protected":false},"author":1,"featured_media":22675,"comment_status":"open","ping_status":"open","sticky":false,"template":"","format":"standard","meta":{"_jetpack_memberships_contains_paid_content":false,"footnotes":""},"categories":[2],"tags":[],"class_list":["post-22674","post","type-post","status-publish","format-standard","has-post-thumbnail","hentry","category-estado"],"jetpack_featured_media_url":"https:\/\/encuentroinformativo.com.mx\/wp-content\/uploads\/2022\/01\/7B7E4562-BAD3-4EAA-83EC-D894D1C21103.jpeg","jetpack_sharing_enabled":true,"jetpack_likes_enabled":true,"amp_enabled":true,"_links":{"self":[{"href":"https:\/\/encuentroinformativo.com.mx\/index.php?rest_route=\/wp\/v2\/posts\/22674","targetHints":{"allow":["GET"]}}],"collection":[{"href":"https:\/\/encuentroinformativo.com.mx\/index.php?rest_route=\/wp\/v2\/posts"}],"about":[{"href":"https:\/\/encuentroinformativo.com.mx\/index.php?rest_route=\/wp\/v2\/types\/post"}],"author":[{"embeddable":true,"href":"https:\/\/encuentroinformativo.com.mx\/index.php?rest_route=\/wp\/v2\/users\/1"}],"replies":[{"embeddable":true,"href":"https:\/\/encuentroinformativo.com.mx\/index.php?rest_route=%2Fwp%2Fv2%2Fcomments&post=22674"}],"version-history":[{"count":1,"href":"https:\/\/encuentroinformativo.com.mx\/index.php?rest_route=\/wp\/v2\/posts\/22674\/revisions"}],"predecessor-version":[{"id":22676,"href":"https:\/\/encuentroinformativo.com.mx\/index.php?rest_route=\/wp\/v2\/posts\/22674\/revisions\/22676"}],"wp:featuredmedia":[{"embeddable":true,"href":"https:\/\/encuentroinformativo.com.mx\/index.php?rest_route=\/wp\/v2\/media\/22675"}],"wp:attachment":[{"href":"https:\/\/encuentroinformativo.com.mx\/index.php?rest_route=%2Fwp%2Fv2%2Fmedia&parent=22674"}],"wp:term":[{"taxonomy":"category","embeddable":true,"href":"https:\/\/encuentroinformativo.com.mx\/index.php?rest_route=%2Fwp%2Fv2%2Fcategories&post=22674"},{"taxonomy":"post_tag","embeddable":true,"href":"https:\/\/encuentroinformativo.com.mx\/index.php?rest_route=%2Fwp%2Fv2%2Ftags&post=22674"}],"curies":[{"name":"wp","href":"https:\/\/api.w.org\/{rel}","templated":true}]}}