{"id":22678,"date":"2022-01-24T16:49:44","date_gmt":"2022-01-24T22:49:44","guid":{"rendered":"https:\/\/encuentroinformativo.com.mx\/?p=22678"},"modified":"2022-01-24T16:49:48","modified_gmt":"2022-01-24T22:49:48","slug":"docentes-de-educacion-especial-reclaman-recategorizacion","status":"publish","type":"post","link":"https:\/\/encuentroinformativo.com.mx\/?p=22678","title":{"rendered":"Docentes de educaci\u00f3n especial reclaman recategorizaci\u00f3n"},"content":{"rendered":"\n<p><strong>Dar\u00edo Pale <\/strong><\/p>\n\n\n\n<p>Xalapa, Ver.- Se manifestaron en las escalinatas de la Catedral Metropolitana docentes de educaci\u00f3n especial del Centro de Atenci\u00f3n Psicopedag\u00f3gica de Educaci\u00f3n Preescolar (CAPEP), de Poza Rica y Guti\u00e9rrez Zamora piden cambios de clave presupuestal.<\/p>\n\n\n\n<p>Entrevistada durante la manifestaci\u00f3n Mar\u00eda Amor Lara se\u00f1al\u00f3 que son personal de educaci\u00f3n especial y psic\u00f3logos necesitan que se les recategoricen las claves y que los pongan en el nivel que les corresponden.<\/p>\n\n\n\n<p>Se\u00f1al\u00f3 que el d\u00eda de hoy firmaron un oficio que entregaron en las oficinas de la SEV el cual es otro de varios que han entregado por lo que ya existe un antecedente de lo que est\u00e1n solicitando pero lamentablemente el titular de dicha dependencia no los ha recibido solo los recibe la oficial mayor.<\/p>\n\n\n\n<p>Coment\u00f3 que lo \u00fanico que buscan es una soluci\u00f3n y que se abra el di\u00e1logo, el d\u00eda de hoy tuvieron una mesa de dialogo improvisada pero les gustar\u00eda que esto llegara a &#8220;personas m\u00e1s arriba&#8221; ya que llevan a\u00f1os intent\u00e1ndolo y no han logrado nada.<\/p>\n\n\n\n<p>\u201cNuestro techo financiero es preescolar y no nos permite CAPEV en este caso hacer permutas, cambios de zona, participar en los programas de promoci\u00f3n horizontal y vertical, por eso nos manifestamos de manera pac\u00edfica&#8221;, coment\u00f3.<\/p>\n\n\n\n<p>Dicha situaci\u00f3n ya ha sido expuesta a directores de educaci\u00f3n especial y la Oficil\u00eda Mayor de la SEV, donde les respondieron que contin\u00faan trabajando en ello.<\/p>\n\n\n\n<p>&#8220;Esta situaci\u00f3n viene de a\u00f1os atr\u00e1s. La mayor\u00eda de nosotros somos maestros que apenas vamos ingresando, tenemos pocos a\u00f1os de servicio&#8230;de la Secretar\u00eda no hemos tenido ninguna respuesta&#8221; dijo uno de los inconformes.<\/p>\n\n\n\n<p>Finalmente Laura Victoria Ortega Mart\u00ednez, directora comisionada de la USAER n\u00famero 98 de Guti\u00e9rrez Zamora dijo que al no coincidir su clave con su perfil de egreso, lleva m\u00e1s de un a\u00f1o sin poder cobrar su salario.<\/p>\n\n\n\n<figure class=\"wp-block-image size-large\"><img loading=\"lazy\" decoding=\"async\" width=\"1024\" height=\"683\" src=\"https:\/\/encuentroinformativo.com.mx\/wp-content\/uploads\/2022\/01\/03339C85-47DD-4DDB-B33A-4351EFD13566-1024x683.jpeg\" alt=\"\" class=\"wp-image-22680\" srcset=\"https:\/\/encuentroinformativo.com.mx\/wp-content\/uploads\/2022\/01\/03339C85-47DD-4DDB-B33A-4351EFD13566-1024x683.jpeg 1024w, https:\/\/encuentroinformativo.com.mx\/wp-content\/uploads\/2022\/01\/03339C85-47DD-4DDB-B33A-4351EFD13566-300x200.jpeg 300w, https:\/\/encuentroinformativo.com.mx\/wp-content\/uploads\/2022\/01\/03339C85-47DD-4DDB-B33A-4351EFD13566-768x512.jpeg 768w, https:\/\/encuentroinformativo.com.mx\/wp-content\/uploads\/2022\/01\/03339C85-47DD-4DDB-B33A-4351EFD13566-1536x1024.jpeg 1536w, https:\/\/encuentroinformativo.com.mx\/wp-content\/uploads\/2022\/01\/03339C85-47DD-4DDB-B33A-4351EFD13566-2048x1365.jpeg 2048w\" sizes=\"auto, (max-width: 1024px) 100vw, 1024px\" \/><\/figure>\n","protected":false},"excerpt":{"rendered":"<p>Dar\u00edo Pale Xalapa, Ver.- Se manifestaron en las escalinatas de la Catedral Metropolitana docentes de educaci\u00f3n especial del Centro de Atenci\u00f3n Psicopedag\u00f3gica de Educaci\u00f3n Preescolar (CAPEP), de Poza Rica y Guti\u00e9rrez Zamora piden cambios de clave presupuestal. Entrevistada durante la manifestaci\u00f3n Mar\u00eda Amor Lara se\u00f1al\u00f3 que son personal de educaci\u00f3n especial y psic\u00f3logos necesitan que [&hellip;]<\/p>\n","protected":false},"author":1,"featured_media":22679,"comment_status":"open","ping_status":"open","sticky":false,"template":"","format":"standard","meta":{"_jetpack_memberships_contains_paid_content":false,"footnotes":""},"categories":[2],"tags":[],"class_list":["post-22678","post","type-post","status-publish","format-standard","has-post-thumbnail","hentry","category-estado"],"jetpack_featured_media_url":"https:\/\/encuentroinformativo.com.mx\/wp-content\/uploads\/2022\/01\/408AC671-E70A-49A6-A799-D09220BD2AF3-scaled.jpeg","jetpack_sharing_enabled":true,"jetpack_likes_enabled":true,"amp_enabled":true,"_links":{"self":[{"href":"https:\/\/encuentroinformativo.com.mx\/index.php?rest_route=\/wp\/v2\/posts\/22678","targetHints":{"allow":["GET"]}}],"collection":[{"href":"https:\/\/encuentroinformativo.com.mx\/index.php?rest_route=\/wp\/v2\/posts"}],"about":[{"href":"https:\/\/encuentroinformativo.com.mx\/index.php?rest_route=\/wp\/v2\/types\/post"}],"author":[{"embeddable":true,"href":"https:\/\/encuentroinformativo.com.mx\/index.php?rest_route=\/wp\/v2\/users\/1"}],"replies":[{"embeddable":true,"href":"https:\/\/encuentroinformativo.com.mx\/index.php?rest_route=%2Fwp%2Fv2%2Fcomments&post=22678"}],"version-history":[{"count":1,"href":"https:\/\/encuentroinformativo.com.mx\/index.php?rest_route=\/wp\/v2\/posts\/22678\/revisions"}],"predecessor-version":[{"id":22681,"href":"https:\/\/encuentroinformativo.com.mx\/index.php?rest_route=\/wp\/v2\/posts\/22678\/revisions\/22681"}],"wp:featuredmedia":[{"embeddable":true,"href":"https:\/\/encuentroinformativo.com.mx\/index.php?rest_route=\/wp\/v2\/media\/22679"}],"wp:attachment":[{"href":"https:\/\/encuentroinformativo.com.mx\/index.php?rest_route=%2Fwp%2Fv2%2Fmedia&parent=22678"}],"wp:term":[{"taxonomy":"category","embeddable":true,"href":"https:\/\/encuentroinformativo.com.mx\/index.php?rest_route=%2Fwp%2Fv2%2Fcategories&post=22678"},{"taxonomy":"post_tag","embeddable":true,"href":"https:\/\/encuentroinformativo.com.mx\/index.php?rest_route=%2Fwp%2Fv2%2Ftags&post=22678"}],"curies":[{"name":"wp","href":"https:\/\/api.w.org\/{rel}","templated":true}]}}