{"id":2269,"date":"2020-05-01T17:22:17","date_gmt":"2020-05-01T22:22:17","guid":{"rendered":"https:\/\/encuentroinformativo.com\/?p=2269"},"modified":"2020-05-01T17:22:19","modified_gmt":"2020-05-01T22:22:19","slug":"distribuyen-autoridades-informacion-sobre-covid-19","status":"publish","type":"post","link":"https:\/\/encuentroinformativo.com.mx\/?p=2269","title":{"rendered":"Distribuyen autoridades informaci\u00f3n sobre Covid-19"},"content":{"rendered":"\n<p><strong>Juan Arcos <\/strong><\/p>\n\n\n\n<p>Xalapa, Ver.- Personal de Protecci\u00f3n Civil del Ayuntamiento de Xalapa entrega personalmente volantes con recomendaciones para evitar el contagio de coronavirus.<\/p>\n\n\n\n<p>En calles del Centro Hist\u00f3rico de la ciudad, se observ\u00f3 a los trabajadores repartir tambi\u00e9n el peri\u00f3dico del Ayuntamiento con informaci\u00f3n sobre el COVID-19.<\/p>\n\n\n\n<p>Recorrieron las calles Doctor Rafael Lucio, Poeta Jes\u00fas D\u00edaz y Juan de la Luz Enr\u00edquez.<\/p>\n\n\n\n<p>Portaban casco y careta de pl\u00e1stico, cubrebocas y guantes para entregar la informaci\u00f3n correspondiente.<\/p>\n\n\n\n<p>Decenas de personas caminaban en la v\u00eda p\u00fablica sin cubrebocas o cualquier otro tipo de protecci\u00f3n.<\/p>\n\n\n\n<p>El director de PC municipal, Jes\u00fas Vargas Hern\u00e1ndez, indic\u00f3 que contin\u00faan los trabajos para la sanitizaci\u00f3n de lugares p\u00fablicos.<\/p>\n\n\n\n<p>En ese sentido, el personal sanitiz\u00f3 el tianguis Leysegui y los per\u00edmetros de las cl\u00ednicas n\u00famero 10 y 11 del Instituto Mexicano del Seguro Social (IMSS).<\/p>\n\n\n\n<p>Dichas acciones continuar\u00e1n llev\u00e1ndose a cabo en distintos puntos de la ciudad, durante los pr\u00f3ximos d\u00edas.<\/p>\n\n\n\n<p><\/p>\n","protected":false},"excerpt":{"rendered":"<p>Juan Arcos Xalapa, Ver.- Personal de Protecci\u00f3n Civil del Ayuntamiento de Xalapa entrega personalmente volantes con recomendaciones para evitar el contagio de coronavirus. En calles del Centro Hist\u00f3rico de la ciudad, se observ\u00f3 a los trabajadores repartir tambi\u00e9n el peri\u00f3dico del Ayuntamiento con informaci\u00f3n sobre el COVID-19. Recorrieron las calles Doctor Rafael Lucio, Poeta Jes\u00fas [&hellip;]<\/p>\n","protected":false},"author":1,"featured_media":2270,"comment_status":"open","ping_status":"open","sticky":false,"template":"","format":"standard","meta":{"_jetpack_memberships_contains_paid_content":false,"footnotes":""},"categories":[9],"tags":[],"class_list":["post-2269","post","type-post","status-publish","format-standard","has-post-thumbnail","hentry","category-salud"],"jetpack_featured_media_url":"https:\/\/encuentroinformativo.com.mx\/wp-content\/uploads\/2020\/05\/112755BE-AF10-4292-A9CB-0A7E6CCF38F9.jpeg","jetpack_sharing_enabled":true,"jetpack_likes_enabled":true,"amp_enabled":true,"_links":{"self":[{"href":"https:\/\/encuentroinformativo.com.mx\/index.php?rest_route=\/wp\/v2\/posts\/2269","targetHints":{"allow":["GET"]}}],"collection":[{"href":"https:\/\/encuentroinformativo.com.mx\/index.php?rest_route=\/wp\/v2\/posts"}],"about":[{"href":"https:\/\/encuentroinformativo.com.mx\/index.php?rest_route=\/wp\/v2\/types\/post"}],"author":[{"embeddable":true,"href":"https:\/\/encuentroinformativo.com.mx\/index.php?rest_route=\/wp\/v2\/users\/1"}],"replies":[{"embeddable":true,"href":"https:\/\/encuentroinformativo.com.mx\/index.php?rest_route=%2Fwp%2Fv2%2Fcomments&post=2269"}],"version-history":[{"count":1,"href":"https:\/\/encuentroinformativo.com.mx\/index.php?rest_route=\/wp\/v2\/posts\/2269\/revisions"}],"predecessor-version":[{"id":2271,"href":"https:\/\/encuentroinformativo.com.mx\/index.php?rest_route=\/wp\/v2\/posts\/2269\/revisions\/2271"}],"wp:featuredmedia":[{"embeddable":true,"href":"https:\/\/encuentroinformativo.com.mx\/index.php?rest_route=\/wp\/v2\/media\/2270"}],"wp:attachment":[{"href":"https:\/\/encuentroinformativo.com.mx\/index.php?rest_route=%2Fwp%2Fv2%2Fmedia&parent=2269"}],"wp:term":[{"taxonomy":"category","embeddable":true,"href":"https:\/\/encuentroinformativo.com.mx\/index.php?rest_route=%2Fwp%2Fv2%2Fcategories&post=2269"},{"taxonomy":"post_tag","embeddable":true,"href":"https:\/\/encuentroinformativo.com.mx\/index.php?rest_route=%2Fwp%2Fv2%2Ftags&post=2269"}],"curies":[{"name":"wp","href":"https:\/\/api.w.org\/{rel}","templated":true}]}}