{"id":22694,"date":"2022-01-24T22:50:59","date_gmt":"2022-01-25T04:50:59","guid":{"rendered":"https:\/\/encuentroinformativo.com.mx\/?p=22694"},"modified":"2022-01-24T22:51:03","modified_gmt":"2022-01-25T04:51:03","slug":"garantiza-fge-pleno-estado-de-derecho-en-veracruz","status":"publish","type":"post","link":"https:\/\/encuentroinformativo.com.mx\/?p=22694","title":{"rendered":"Garantiza FGE pleno estado de derecho en Veracruz"},"content":{"rendered":"\n<p><strong>*Comparece su titular, Ver\u00f3nica Hern\u00e1ndez Giad\u00e1ns, y presenta resultados ante la Legislatura.<\/strong><\/p>\n\n\n\n<p>Xalapa, Ver.- La Fiscal\u00eda General del Estado de Veracruz (FGE) tiene clara su misi\u00f3n y responsabilidad: garantizar el estado de derecho mediante la investigaci\u00f3n y persecuci\u00f3n de los delitos del orden com\u00fan, observando la estricta aplicaci\u00f3n de la ley y de los principios de autonom\u00eda, eficiencia, imparcialidad, legalidad, objetividad, profesionalismo, responsabilidad y absoluto respeto de los derechos humanos, asever\u00f3 su titular, Ver\u00f3nica Hern\u00e1ndez Giad\u00e1ns, en su comparecencia ante el Congreso del Estado.<\/p>\n\n\n\n<p>Correspondi\u00f3 a la Comisi\u00f3n Permanente de Procuraci\u00f3n de Justicia, integrada por el diputado Genaro Ib\u00e1\u00f1ez Mart\u00ednez y las diputadas Rosalinda Galindo Silva y Ruth Callejas Rold\u00e1n, presidente, secretaria y vocal respectivamente, conducir los trabajos celebrados en el Recinto Oficial de Sesiones del Palacio Legislativo, a donde acudieron integrantes de la LXVI Legislatura; la presidenta del Poder Judicial del estado, magistrada Isabel In\u00e9s Romero Cruz; autoridades estatales y municipales, as\u00ed como representantes de organismos aut\u00f3nomos, de las fuerzas armadas y de la sociedad civil.<\/p>\n\n\n\n<p>Al iniciar su exposici\u00f3n, la Fiscal General del Estado detall\u00f3 que, en el periodo 2021, el organismo inici\u00f3 m\u00e1s de 96 mil carpetas de investigaci\u00f3n y determin\u00f3 casi 80 mil; un incremento de 15 por ciento respecto del mismo periodo en el a\u00f1o 2020.<\/p>\n\n\n\n<p>En cuanto a la productividad del sistema de justicia penal, precis\u00f3 la funcionaria, m\u00e1s de seis mil 500 detenidos fueron puestos a disposici\u00f3n, un incremento de 64 por ciento respecto al a\u00f1o anterior; m\u00e1s de dos mil 200 fueron llevados a control, 47 por ciento; m\u00e1s de dos mil 700 fueron vinculados a proceso, 80 por ciento m\u00e1s, y se super\u00f3 las 270 sentencias condenatorias, 13 por ciento m\u00e1s; con sentencias de hasta de 60 a\u00f1os por desaparici\u00f3n forzada, de 40 a 94 a\u00f1os por feminicidio y de hasta 120 a\u00f1os por secuestro.<\/p>\n\n\n\n<p>Destac\u00f3 tambi\u00e9n la disminuci\u00f3n lograda en la incidencia delictiva en el estado: en homicidio doloso, 14 por ciento; secuestro, 57 por ciento; feminicidio, 9 por ciento; robo de veh\u00edculo, 10 por ciento; robo a transe\u00fantes, 22 por ciento, y robo de ganado, 5 por ciento.<\/p>\n\n\n\n<p>De acuerdo con su titular, en 2021, la FGE inici\u00f3 149 carpetas con motivo de muertes violentas de mujeres y acredit\u00f3 en 69 casos el delito de feminicidio, dentro de las cuales se logr\u00f3 la judicializaci\u00f3n de 55 y la detenci\u00f3n de 58 probables feminicidas, y se logr\u00f3 obtener 12 sentencias condenatorias con penas de entre 40 y 94 a\u00f1os de prisi\u00f3n.<\/p>\n\n\n\n<p>Se\u00f1al\u00f3 tambi\u00e9n la efectividad de casi 80 por ciento de la Alerta Amber Veracruz, resultado de la localizaci\u00f3n en 211 casos, de 266 c\u00e9dulas activadas, as\u00ed como la puesta en marcha de un registro digital para la identificaci\u00f3n de datos sobre las circunstancias en la comisi\u00f3n del delito de trata de personas y mejorar as\u00ed los procesos de investigaci\u00f3n.<\/p>\n\n\n\n<p>Al reconocer la coordinaci\u00f3n entre las fuerzas federales y estatales, la Fiscal refiri\u00f3 que, el 24 de septiembre, la FGE obtuvo reconocimiento expedido por la Secretar\u00eda de Seguridad y Protecci\u00f3n Ciudadana (SSPC), a trav\u00e9s de la Guardia Nacional, por la coordinaci\u00f3n y resultados obtenidos para erradicar el delito de pornograf\u00eda infantil en M\u00e9xico.<\/p>\n\n\n\n<p>Ver\u00f3nica Hern\u00e1ndez enfatiz\u00f3 tambi\u00e9n que, en materia de vinculaci\u00f3n institucional, la FGE contin\u00faa la estrategia de coadyuvancia con estados lim\u00edtrofes, como Oaxaca y Puebla, concretando acuerdos para el intercambio de informaci\u00f3n y la coordinaci\u00f3n de acciones conjuntas para reducir \u00edndices delictivos y combatir la delincuencia.<\/p>\n\n\n\n<p>La tambi\u00e9n consejera representante de los estados integrantes de la zona sureste (Guerrero, Chiapas, Yucat\u00e1n, Campeche, Oaxaca, Tabasco y Veracruz) inform\u00f3 de la actualizaci\u00f3n permanente del sistema nacional de informaci\u00f3n que incluye los registros nacionales de veh\u00edculos robados y recuperados, mandamientos judiciales, detenciones, estad\u00edstico nacional de personas desaparecidas, personal de seguridad p\u00fablica, narcomenudeo, aseguramiento de armas de fuego y de la implementaci\u00f3n del Sistema Estad\u00edstico Nacional de Procuraci\u00f3n de Justicia (Senap).<\/p>\n\n\n\n<p>Por los resultados en el combate al secuestro, prosigui\u00f3 la funcionaria, la FGE fue anfitriona de la 27 Reuni\u00f3n Nacional del Grupo de Planeaci\u00f3n y An\u00e1lisis Estrat\u00e9gico contra el Secuestro de la Coordinaci\u00f3n Nacional Antisecuestro (Conase); adem\u00e1s de la jornada de capacitaci\u00f3n a elementos de la unidad especializada en combate al secuestro por parte del Bur\u00f3 Federal de Investigaci\u00f3n (FBI) de Estados Unidos de Am\u00e9rica.<\/p>\n\n\n\n<p>Hern\u00e1ndez Giad\u00e1ns expuso tambi\u00e9n los avances en materia de innovaci\u00f3n de los instrumentos para atender a la ciudadan\u00eda veracruzana, como el fortalecimiento de las Unidades de Atenci\u00f3n Temprana (UAT) en Xalapa, Veracruz y Coatzacoalcos, las cuales, dijo, permiten minimizar el tiempo de espera y gesti\u00f3n.<\/p>\n\n\n\n<p>Refiri\u00f3 tambi\u00e9n el Censo de Procuraci\u00f3n de Justicia 2021 del Instituto Nacional de Estad\u00edstica y Geograf\u00eda (Inegi), que posiciona a Veracruz en el tercer lugar en n\u00famero de acuerdos reparatorios, y al portal M\u00e9xico Eval\u00faa que, en su edici\u00f3n del 5 de octubre de 2021, ubica a Veracruz en el segundo lugar nacional con una efectividad del 92 por ciento en casos resueltos por medios alternativos de soluci\u00f3n de controversias.<\/p>\n\n\n\n<p>Adem\u00e1s se\u00f1al\u00f3 que, en materia del acceso a la informaci\u00f3n p\u00fablica, la FGE cumpli\u00f3 todas las solicitudes y concluy\u00f3 el proceso de certificaci\u00f3n del personal especializado en b\u00fasqueda de personas. En lo que se refiere a la labor pericial, mencion\u00f3 la inauguraci\u00f3n, el pasado 6 de octubre, de la Unidad Integral de Servicios M\u00e9dico Forenses de Nogales, la contrataci\u00f3n de 77 elementos, 45 de los cuales fueron destinados a la identificaci\u00f3n humana en dicha unidad.<\/p>\n\n\n\n<p>Asimismo, la Fiscal\u00eda ofreci\u00f3 m\u00e1s de 200 atenciones a distintos colectivos y m\u00e1s de cuatro mil informes de colaboraci\u00f3n para identificaci\u00f3n a diversas fiscal\u00edas de los estados y a la Fiscal\u00eda General de la Rep\u00fablica (FGR), adem\u00e1s de 32 mil visitas a pueblos y comunidades ind\u00edgenas y 11 a centros penitenciarios.<\/p>\n\n\n\n<p>La servidora p\u00fablica finaliz\u00f3 dejando en claro que, en orden al mandato constitucional, la Fiscal\u00eda General del Estado cumple de manera permanente e incondicional el imperativo de actuar dentro del marco de la ley, siempre en favor de las v\u00edctimas, y hacer de la justicia condici\u00f3n indispensable y factor de estabilidad para el desarrollo de Veracruz.<\/p>\n\n\n\n<p><strong>Participaciones<\/strong><\/p>\n\n\n\n<p>Posterior a su informe, la Fiscal fue cuestionada por las y los diputados Rosalinda Galindo Silva (Morena), Miguel David Hermida Copado (PAN), Arianna Guadalupe \u00c1ngeles Aguirre (PRI), Jos\u00e9 Luis Tehuintle Xocua (PT), Tania Mar\u00eda Cruz Mej\u00eda (PVEM), Ruth Callejas Rold\u00e1n (MC) y Juan Enrique Santos Mendoza (FXM), sobre las acciones para fortalecer al organismo aut\u00f3nomo, objeto y operatividad de la Comisi\u00f3n de Honor y Justicia; la alternativa en el sistema penal que pueda implementarse ante la derogaci\u00f3n del delito de ultrajes a la autoridad y el cumplimiento de las recomendaciones, hechas por la Comisi\u00f3n Nacional de Derechos Humanos (CNDH), a la Fiscal\u00eda.<\/p>\n\n\n\n<p>Tambi\u00e9n, sobre el desempe\u00f1o del organismo aut\u00f3nomo en materia de procuraci\u00f3n de justicia y si los resultados se relacionan con el monto presupuestal asignado, personal de la Fiscal\u00eda que cobre doble plaza; avances en la procuraci\u00f3n de justicia para grupos ind\u00edgenas; eficiencia de las fiscal\u00edas itinerantes; acciones para la protecci\u00f3n de los usos y costumbres de los pueblos originarios; resultados en el delito de feminicidio; sentencias a secuestradores; la percepci\u00f3n de \u201cpolitizaci\u00f3n de la justicia\u201d en algunos casos de aprehensiones; combate al robo de veh\u00edculos, taxis y unidades de carga e \u00edndice de recuperaci\u00f3n de unidades.<\/p>\n\n\n\n<p>Adem\u00e1s, respondi\u00f3 a los cuestionamientos de las legisladoras Cecilia Guevara, Margarita Corro Mendoza, Ver\u00f3nica Pulido Herrera, Maribel Ram\u00edrez Topete, Elizabeth Cervantes de la Cruz, Citlali Medell\u00edn Careaga y Anil\u00fa Ingram Vallines, as\u00ed como de los diputados Ram\u00f3n D\u00edaz \u00c1vila, Jaime Enrique de la Garza y Luis Fernando Cervantes Cruz, quienes abordaron temas referentes a los mecanismos de selecci\u00f3n de personal y perfiles para la operaci\u00f3n del Semefo reci\u00e9n inaugurado en el municipio de Nogales y el fortalecimiento del Centro de Control y Confianza con el que cuenta la Fiscal\u00eda.<\/p>\n\n\n\n<p>Tambi\u00e9n, las acciones para atender las Alertas de Violencia de G\u00e9nero (AVG) en el estado, combate al delito de abigeato y la vinculaci\u00f3n con la SSP, las estrategias coordinadas con los estados lim\u00edtrofes con Veracruz para combatir la delincuencia y la ampliaci\u00f3n de este tipo de colaboraci\u00f3n a otros estados y su postura ante la propuesta de una fiscal\u00eda especializada en delitos en cr\u00edmenes de odio.<\/p>\n\n\n\n<p>Adem\u00e1s, la vinculaci\u00f3n entre la FGE y el Observatorio Universitario de Violencia contra las Mujeres para dar cumplimiento a las AVG y con la sociedad organizada para el seguimiento a los delitos contra las mujeres, as\u00ed como los cambios en la Fiscal\u00eda para hacer m\u00e1s eficiente la investigaci\u00f3n en casos de violencia contra la comunidad estudiantil.<\/p>\n\n\n\n<p>Asimismo, el n\u00famero de carpetas de investigaci\u00f3n abiertas y los resultados obtenidos, avances en la investigaci\u00f3n del crimen en contra de los periodistas Jos\u00e9 Luis \u201cN\u201d y Mar\u00eda Elena \u201cN\u201d, cu\u00e1les son las adecuaciones y cu\u00e1ntas fiscales especializadas se han designado para dar cumplimiento a las reformas a la Ley de Acceso de las Mujeres a una Vida Libre de Violencia y c\u00f3mo las acciones de capacitaci\u00f3n dirigidas al personal de las fiscal\u00edas especializadas en la materia mejoran la procuraci\u00f3n de justicia para colectivos y familiares de v\u00edctimas de desaparici\u00f3n.<\/p>\n\n\n\n<p>Finalmente, acerca de la colaboraci\u00f3n del Poder Legislativo en la erradicaci\u00f3n de feminicidios y violencia contra las mujeres, los protocolos de clasificaci\u00f3n de muerte violenta de mujeres, las carpetas de investigaci\u00f3n abiertas y resueltas y, por \u00faltimo, el seguimiento a casos de presunto acoso laboral y sexual en dependencias gubernamentales.<\/p>\n\n\n\n<p>Concluidas las dos rondas de preguntas y respuestas, el presidente de la Comisi\u00f3n Permanente de Procuraci\u00f3n de Justicia, diputado Genaro Ib\u00e1\u00f1ez Mart\u00ednez, agradeci\u00f3 la presencia de la fiscal general del estado, Ver\u00f3nica Hern\u00e1ndez Giad\u00e1ns, y siendo las 16:31 horas, dio por concluida la comparecencia.<\/p>\n","protected":false},"excerpt":{"rendered":"<p>*Comparece su titular, Ver\u00f3nica Hern\u00e1ndez Giad\u00e1ns, y presenta resultados ante la Legislatura. Xalapa, Ver.- La Fiscal\u00eda General del Estado de Veracruz (FGE) tiene clara su misi\u00f3n y responsabilidad: garantizar el estado de derecho mediante la investigaci\u00f3n y persecuci\u00f3n de los delitos del orden com\u00fan, observando la estricta aplicaci\u00f3n de la ley y de los principios [&hellip;]<\/p>\n","protected":false},"author":1,"featured_media":22695,"comment_status":"open","ping_status":"open","sticky":false,"template":"","format":"standard","meta":{"_jetpack_memberships_contains_paid_content":false,"footnotes":""},"categories":[2],"tags":[],"class_list":["post-22694","post","type-post","status-publish","format-standard","has-post-thumbnail","hentry","category-estado"],"jetpack_featured_media_url":"https:\/\/encuentroinformativo.com.mx\/wp-content\/uploads\/2022\/01\/BCC06470-F79F-4EC3-ACBA-317643DB8152.jpeg","jetpack_sharing_enabled":true,"jetpack_likes_enabled":true,"amp_enabled":true,"_links":{"self":[{"href":"https:\/\/encuentroinformativo.com.mx\/index.php?rest_route=\/wp\/v2\/posts\/22694","targetHints":{"allow":["GET"]}}],"collection":[{"href":"https:\/\/encuentroinformativo.com.mx\/index.php?rest_route=\/wp\/v2\/posts"}],"about":[{"href":"https:\/\/encuentroinformativo.com.mx\/index.php?rest_route=\/wp\/v2\/types\/post"}],"author":[{"embeddable":true,"href":"https:\/\/encuentroinformativo.com.mx\/index.php?rest_route=\/wp\/v2\/users\/1"}],"replies":[{"embeddable":true,"href":"https:\/\/encuentroinformativo.com.mx\/index.php?rest_route=%2Fwp%2Fv2%2Fcomments&post=22694"}],"version-history":[{"count":1,"href":"https:\/\/encuentroinformativo.com.mx\/index.php?rest_route=\/wp\/v2\/posts\/22694\/revisions"}],"predecessor-version":[{"id":22696,"href":"https:\/\/encuentroinformativo.com.mx\/index.php?rest_route=\/wp\/v2\/posts\/22694\/revisions\/22696"}],"wp:featuredmedia":[{"embeddable":true,"href":"https:\/\/encuentroinformativo.com.mx\/index.php?rest_route=\/wp\/v2\/media\/22695"}],"wp:attachment":[{"href":"https:\/\/encuentroinformativo.com.mx\/index.php?rest_route=%2Fwp%2Fv2%2Fmedia&parent=22694"}],"wp:term":[{"taxonomy":"category","embeddable":true,"href":"https:\/\/encuentroinformativo.com.mx\/index.php?rest_route=%2Fwp%2Fv2%2Fcategories&post=22694"},{"taxonomy":"post_tag","embeddable":true,"href":"https:\/\/encuentroinformativo.com.mx\/index.php?rest_route=%2Fwp%2Fv2%2Ftags&post=22694"}],"curies":[{"name":"wp","href":"https:\/\/api.w.org\/{rel}","templated":true}]}}