{"id":22697,"date":"2022-01-24T23:07:39","date_gmt":"2022-01-25T05:07:39","guid":{"rendered":"https:\/\/encuentroinformativo.com.mx\/?p=22697"},"modified":"2022-01-24T23:07:43","modified_gmt":"2022-01-25T05:07:43","slug":"incendian-bodega-de-amsa-en-ixhuatlan-del-cafe","status":"publish","type":"post","link":"https:\/\/encuentroinformativo.com.mx\/?p=22697","title":{"rendered":"Incendian bodega de AMSA en Ixhuatl\u00e1n del Caf\u00e9"},"content":{"rendered":"\n<p><strong>Juan Arcos<\/strong><\/p>\n\n\n\n<p>Xalapa, Ver.- La f\u00e1brica de la empresa Agro industrias Unidades de M\u00e9xico (AMSA), ubicada en el municipio de Ixhuatl\u00e1n del Caf\u00e9, en la zona centro del estado de Veracruz, fue incendiada la noche de este lunes 24 de enero.<\/p>\n\n\n\n<p>Desde el pasado viernes, peque\u00f1os productores de caf\u00e9 protestaron y bloquearon la carretera hacia dicho municipio, a la altura de la localidad Otatitl\u00e1n, para denunciar que los precios contin\u00faan siendo castigados en la regi\u00f3n por parte de dicha compa\u00f1\u00eda.<\/p>\n\n\n\n<p>AMSA emiti\u00f3 un comunicado para dar a conocer que cerr\u00f3 por tiempo indefinido sus compras y operaciones, debido a la presunta situaci\u00f3n de inseguridad, extorsiones y anarqu\u00eda registrada en Ixhuatl\u00e1n del Caf\u00e9.<\/p>\n\n\n\n<p>\u201cLamentamos mucho la situaci\u00f3n, pero la seguridad de nuestros productoresasociados y empleados es nuestra primera prioridad\u201d, se lee en el pronunciamiento.<\/p>\n\n\n\n<p>La empresa indic\u00f3 que reanudar\u00eda sus operaciones una vez que las autoridades establezcan el orden y los derechos constitucionales del libre tr\u00e1nsito de las personas y las mercanc\u00edas en lasv\u00edas de comunicaci\u00f3n.<\/p>\n\n\n\n<p>Hasta el momento, se desconoce qui\u00e9nes son los responsables del incendio en las instalaciones de AMSA en Ixhuatl\u00e1n del Caf\u00e9.<\/p>\n\n\n\n<p>\u201cAMSA no negocia con extorsionadores nichantajistas. AMSA est\u00e1 dispuesto a sentar en una mesa de negociaci\u00f3n tan pronto como se restablezca el orden y los derechos constitucionales del libre tr\u00e1nsito de las personas y las mercanc\u00edas en las v\u00edas de comunicaci\u00f3n\u201d, a\u00f1adi\u00f3 la compa\u00f1\u00eda cafetalera.<\/p>\n\n\n\n<p>El gobierno municipal reprob\u00f3 cualquier \u201cacto vand\u00e1lico\u201d y se deslind\u00f3 de los acontecimientos, pues dijo que en todo momento trat\u00f3 de intervenir como mediador entre ambos actores, buscando una soluci\u00f3n pac\u00edfica, por lo que se solicit\u00f3 el apoyo de autoridades estatales.<\/p>\n\n\n\n<p>Los productores que han protestado en los \u00faltimos d\u00edas sospechan que el incendio pudo haber sido provocado por la misma empresa para inculpar a quienes han levantado la voz en su contra.<\/p>\n","protected":false},"excerpt":{"rendered":"<p>Juan Arcos Xalapa, Ver.- La f\u00e1brica de la empresa Agro industrias Unidades de M\u00e9xico (AMSA), ubicada en el municipio de Ixhuatl\u00e1n del Caf\u00e9, en la zona centro del estado de Veracruz, fue incendiada la noche de este lunes 24 de enero. Desde el pasado viernes, peque\u00f1os productores de caf\u00e9 protestaron y bloquearon la carretera hacia [&hellip;]<\/p>\n","protected":false},"author":1,"featured_media":22698,"comment_status":"open","ping_status":"open","sticky":false,"template":"","format":"standard","meta":{"_jetpack_memberships_contains_paid_content":false,"footnotes":""},"categories":[14],"tags":[],"class_list":["post-22697","post","type-post","status-publish","format-standard","has-post-thumbnail","hentry","category-policiaca"],"jetpack_featured_media_url":"https:\/\/encuentroinformativo.com.mx\/wp-content\/uploads\/2022\/01\/6875D20B-DE83-4D3B-8C14-E4EDF411A448.jpeg","jetpack_sharing_enabled":true,"jetpack_likes_enabled":true,"amp_enabled":true,"_links":{"self":[{"href":"https:\/\/encuentroinformativo.com.mx\/index.php?rest_route=\/wp\/v2\/posts\/22697","targetHints":{"allow":["GET"]}}],"collection":[{"href":"https:\/\/encuentroinformativo.com.mx\/index.php?rest_route=\/wp\/v2\/posts"}],"about":[{"href":"https:\/\/encuentroinformativo.com.mx\/index.php?rest_route=\/wp\/v2\/types\/post"}],"author":[{"embeddable":true,"href":"https:\/\/encuentroinformativo.com.mx\/index.php?rest_route=\/wp\/v2\/users\/1"}],"replies":[{"embeddable":true,"href":"https:\/\/encuentroinformativo.com.mx\/index.php?rest_route=%2Fwp%2Fv2%2Fcomments&post=22697"}],"version-history":[{"count":1,"href":"https:\/\/encuentroinformativo.com.mx\/index.php?rest_route=\/wp\/v2\/posts\/22697\/revisions"}],"predecessor-version":[{"id":22699,"href":"https:\/\/encuentroinformativo.com.mx\/index.php?rest_route=\/wp\/v2\/posts\/22697\/revisions\/22699"}],"wp:featuredmedia":[{"embeddable":true,"href":"https:\/\/encuentroinformativo.com.mx\/index.php?rest_route=\/wp\/v2\/media\/22698"}],"wp:attachment":[{"href":"https:\/\/encuentroinformativo.com.mx\/index.php?rest_route=%2Fwp%2Fv2%2Fmedia&parent=22697"}],"wp:term":[{"taxonomy":"category","embeddable":true,"href":"https:\/\/encuentroinformativo.com.mx\/index.php?rest_route=%2Fwp%2Fv2%2Fcategories&post=22697"},{"taxonomy":"post_tag","embeddable":true,"href":"https:\/\/encuentroinformativo.com.mx\/index.php?rest_route=%2Fwp%2Fv2%2Ftags&post=22697"}],"curies":[{"name":"wp","href":"https:\/\/api.w.org\/{rel}","templated":true}]}}