{"id":22702,"date":"2022-01-25T11:46:34","date_gmt":"2022-01-25T17:46:34","guid":{"rendered":"https:\/\/encuentroinformativo.com.mx\/?p=22702"},"modified":"2022-01-25T11:46:37","modified_gmt":"2022-01-25T17:46:37","slug":"obligatorio-uso-de-cubrebocas-en-boca-del-rio-alcalde","status":"publish","type":"post","link":"https:\/\/encuentroinformativo.com.mx\/?p=22702","title":{"rendered":"Obligatorio uso de cubrebocas en Boca del R\u00edo: Alcalde"},"content":{"rendered":"\n<p><strong>*Emite reglas ante el aumento de casos de COVID-19 y el cambio a color amarillo en el sem\u00e1foro epidemiol\u00f3gico<\/strong>.<\/p>\n\n\n\n<p>Boca del R\u00edo, Ver.- El alcalde Juan Manuel Un\u00e1nue Abascal inform\u00f3 que en Boca del R\u00edo se reforzar\u00e1n las medidas sanitarias y ser\u00e1 obligatorio el uso del cubrebocas en los espacios p\u00fablicos cerrados y en el transporte p\u00fablico, ante el incremento de contagios por COVID-19 y que las autoridades de salud lo han situado en sem\u00e1foro amarillo.<\/p>\n\n\n\n<p>Adem\u00e1s reforzar\u00e1 las siguientes medidas preventivas de sanidad:<\/p>\n\n\n\n<p>-Las actividades econ\u00f3micas y sociales continuar\u00e1n desarroll\u00e1ndose pero a un aforo del 75 por ciento.<\/p>\n\n\n\n<p>-Las sesiones de cabildo se llevar\u00e1n a cabo de manera virtual y se estar\u00e1n desinfectando constantemente los espacios municipales que sean cerrados y concurridos.<\/p>\n\n\n\n<p>El Alcalde resalt\u00f3 la importancia de usar gel antibacterial de manera recurrente y guardar la sana distancia de metro y medio con las personas.<\/p>\n\n\n\n<p>Dijo que estar\u00e1n verificando que estas medidas sanitarias se apliquen en restaurantes, plazas y establecimientos comerciales, con la finalidad de que trabajadores y consumidores puedan realizar sus actividades en entornos seguros.<\/p>\n\n\n\n<p>Reafirm\u00f3 Un\u00e1nue que estas medidas las implementa, en primer lugar, para salvaguardar la salud e integridad de la poblaci\u00f3n, pero tambi\u00e9n, para evitar que se vean afectadas dr\u00e1sticamente las actividades comerciales y sociales que dan vida a la ciudad.<\/p>\n\n\n\n<p>\u201cQueremos cuidar de tu salud y que no se pierdan los empleos que las familias boque\u00f1as necesitan para llevar el sustento a sus hogares\u201d, expres\u00f3.<\/p>\n\n\n\n<p>Sostuvo que si se act\u00faa hoy con responsabilidad, se podr\u00e1 evitar que el d\u00eda de ma\u00f1ana los comercios restrinjan su operaci\u00f3n.<\/p>\n\n\n\n<p>\u201cEstas reglas no son nuevas, como sociedad llevamos casi dos a\u00f1os aprendiendo y adecu\u00e1ndonos a la nueva normalidad; hoy es momento de usar todo el conocimiento adquirido por el bien de nuestras familias\u201d, expuso.<\/p>\n\n\n\n<p>Manifest\u00f3 que es momento de que sociedad y gobierno act\u00faen de manera responsable. \u201cSigamos trabajando unidos para cuidarnos m\u00e1s, s\u00f3lo as\u00ed lograremos consolidar a Boca del R\u00edo como lo mejor de Veracruz\u201d, concluy\u00f3.<\/p>\n","protected":false},"excerpt":{"rendered":"<p>*Emite reglas ante el aumento de casos de COVID-19 y el cambio a color amarillo en el sem\u00e1foro epidemiol\u00f3gico. Boca del R\u00edo, Ver.- El alcalde Juan Manuel Un\u00e1nue Abascal inform\u00f3 que en Boca del R\u00edo se reforzar\u00e1n las medidas sanitarias y ser\u00e1 obligatorio el uso del cubrebocas en los espacios p\u00fablicos cerrados y en el [&hellip;]<\/p>\n","protected":false},"author":1,"featured_media":22703,"comment_status":"open","ping_status":"open","sticky":false,"template":"","format":"standard","meta":{"_jetpack_memberships_contains_paid_content":false,"footnotes":""},"categories":[2],"tags":[],"class_list":["post-22702","post","type-post","status-publish","format-standard","has-post-thumbnail","hentry","category-estado"],"jetpack_featured_media_url":"https:\/\/encuentroinformativo.com.mx\/wp-content\/uploads\/2022\/01\/235502D5-62E1-42F2-8057-A8BC07D7D1B6.jpeg","jetpack_sharing_enabled":true,"jetpack_likes_enabled":true,"amp_enabled":true,"_links":{"self":[{"href":"https:\/\/encuentroinformativo.com.mx\/index.php?rest_route=\/wp\/v2\/posts\/22702","targetHints":{"allow":["GET"]}}],"collection":[{"href":"https:\/\/encuentroinformativo.com.mx\/index.php?rest_route=\/wp\/v2\/posts"}],"about":[{"href":"https:\/\/encuentroinformativo.com.mx\/index.php?rest_route=\/wp\/v2\/types\/post"}],"author":[{"embeddable":true,"href":"https:\/\/encuentroinformativo.com.mx\/index.php?rest_route=\/wp\/v2\/users\/1"}],"replies":[{"embeddable":true,"href":"https:\/\/encuentroinformativo.com.mx\/index.php?rest_route=%2Fwp%2Fv2%2Fcomments&post=22702"}],"version-history":[{"count":1,"href":"https:\/\/encuentroinformativo.com.mx\/index.php?rest_route=\/wp\/v2\/posts\/22702\/revisions"}],"predecessor-version":[{"id":22704,"href":"https:\/\/encuentroinformativo.com.mx\/index.php?rest_route=\/wp\/v2\/posts\/22702\/revisions\/22704"}],"wp:featuredmedia":[{"embeddable":true,"href":"https:\/\/encuentroinformativo.com.mx\/index.php?rest_route=\/wp\/v2\/media\/22703"}],"wp:attachment":[{"href":"https:\/\/encuentroinformativo.com.mx\/index.php?rest_route=%2Fwp%2Fv2%2Fmedia&parent=22702"}],"wp:term":[{"taxonomy":"category","embeddable":true,"href":"https:\/\/encuentroinformativo.com.mx\/index.php?rest_route=%2Fwp%2Fv2%2Fcategories&post=22702"},{"taxonomy":"post_tag","embeddable":true,"href":"https:\/\/encuentroinformativo.com.mx\/index.php?rest_route=%2Fwp%2Fv2%2Ftags&post=22702"}],"curies":[{"name":"wp","href":"https:\/\/api.w.org\/{rel}","templated":true}]}}