{"id":22705,"date":"2022-01-25T12:17:13","date_gmt":"2022-01-25T18:17:13","guid":{"rendered":"https:\/\/encuentroinformativo.com.mx\/?p=22705"},"modified":"2022-01-25T12:17:17","modified_gmt":"2022-01-25T18:17:17","slug":"reubicaran-base-de-bomberos-en-zona-norte-de-veracruz","status":"publish","type":"post","link":"https:\/\/encuentroinformativo.com.mx\/?p=22705","title":{"rendered":"Reubicar\u00e1n base de Bomberos en zona norte de Veracruz"},"content":{"rendered":"\n<p><strong>Alejandro \u00c1vila<\/strong><\/p>\n\n\n\n<p>Veracruz, Ver.- La base de Bomberos que se encuentra al interior del DIF Municipal en la avenida Matamoros se encuentra totalmente en ruinas, motivo por el cual el Ayuntamiento de Veracruz la reubicar\u00e1n para brindar un mejor servicio en la zona norte de la ciudad.<\/p>\n\n\n\n<p>La alcaldesa Patricia Lobeira Rodr\u00edguez, reconoci\u00f3 que ser\u00e1 imposible rehabilitarla y por ello se est\u00e1 considerando moverla a una propiedad del Ayuntamiento que se ubica en la avenida Rafael Cuervo, cerca del fraccionamiento Villa Rica.<\/p>\n\n\n\n<p>&#8220;Tendr\u00edamos que ampliarlo, todav\u00eda no tenemos el presupuesto estamos viendo apenas lo del terreno all\u00e1 y ya har\u00edamos un presupuesto general, no nada m\u00e1s del cuerpo de bomberos, sino tambi\u00e9n de las pipas y del edificio. S\u00ed, tendremos que hacer un an\u00e1lisis m\u00e1s profundo, pero s\u00ed, en la zona norte tenemos esa necesidad y la vamos a estar examinando&#8221;, subray\u00f3 la edil.<\/p>\n\n\n\n<p>Lobeira Rodr\u00edguez record\u00f3 que, adem\u00e1s de la base ubicada en el centro de la ciudad, existe una m\u00e1s en la zona poniente, en el fraccionamiento Nuevo Veracruz, pero la de la zona norte debe de ser mejorada para brindar una mejor atenci\u00f3n a la ciudadan\u00eda, y que cuente con todos los servicios de seguridad para el personal que ah\u00ed labore.<\/p>\n\n\n\n<p>Finalmente, la panista invito a toda la ciudadan\u00eda que quiera sumarse como voluntario, a que se registre en la base principal del Heroico Cuerpo de Bomberos de Veracruz, ubicada en la avenida Zaragoza en el primer cuadro de la ciudad.<\/p>\n","protected":false},"excerpt":{"rendered":"<p>Alejandro \u00c1vila Veracruz, Ver.- La base de Bomberos que se encuentra al interior del DIF Municipal en la avenida Matamoros se encuentra totalmente en ruinas, motivo por el cual el Ayuntamiento de Veracruz la reubicar\u00e1n para brindar un mejor servicio en la zona norte de la ciudad. La alcaldesa Patricia Lobeira Rodr\u00edguez, reconoci\u00f3 que ser\u00e1 [&hellip;]<\/p>\n","protected":false},"author":1,"featured_media":22706,"comment_status":"open","ping_status":"open","sticky":false,"template":"","format":"standard","meta":{"_jetpack_memberships_contains_paid_content":false,"footnotes":""},"categories":[2],"tags":[],"class_list":["post-22705","post","type-post","status-publish","format-standard","has-post-thumbnail","hentry","category-estado"],"jetpack_featured_media_url":"https:\/\/encuentroinformativo.com.mx\/wp-content\/uploads\/2022\/01\/24D2A5DC-4C12-43EC-BD8E-5C7E460ADB18.jpeg","jetpack_sharing_enabled":true,"jetpack_likes_enabled":true,"amp_enabled":true,"_links":{"self":[{"href":"https:\/\/encuentroinformativo.com.mx\/index.php?rest_route=\/wp\/v2\/posts\/22705","targetHints":{"allow":["GET"]}}],"collection":[{"href":"https:\/\/encuentroinformativo.com.mx\/index.php?rest_route=\/wp\/v2\/posts"}],"about":[{"href":"https:\/\/encuentroinformativo.com.mx\/index.php?rest_route=\/wp\/v2\/types\/post"}],"author":[{"embeddable":true,"href":"https:\/\/encuentroinformativo.com.mx\/index.php?rest_route=\/wp\/v2\/users\/1"}],"replies":[{"embeddable":true,"href":"https:\/\/encuentroinformativo.com.mx\/index.php?rest_route=%2Fwp%2Fv2%2Fcomments&post=22705"}],"version-history":[{"count":1,"href":"https:\/\/encuentroinformativo.com.mx\/index.php?rest_route=\/wp\/v2\/posts\/22705\/revisions"}],"predecessor-version":[{"id":22707,"href":"https:\/\/encuentroinformativo.com.mx\/index.php?rest_route=\/wp\/v2\/posts\/22705\/revisions\/22707"}],"wp:featuredmedia":[{"embeddable":true,"href":"https:\/\/encuentroinformativo.com.mx\/index.php?rest_route=\/wp\/v2\/media\/22706"}],"wp:attachment":[{"href":"https:\/\/encuentroinformativo.com.mx\/index.php?rest_route=%2Fwp%2Fv2%2Fmedia&parent=22705"}],"wp:term":[{"taxonomy":"category","embeddable":true,"href":"https:\/\/encuentroinformativo.com.mx\/index.php?rest_route=%2Fwp%2Fv2%2Fcategories&post=22705"},{"taxonomy":"post_tag","embeddable":true,"href":"https:\/\/encuentroinformativo.com.mx\/index.php?rest_route=%2Fwp%2Fv2%2Ftags&post=22705"}],"curies":[{"name":"wp","href":"https:\/\/api.w.org\/{rel}","templated":true}]}}