{"id":22730,"date":"2022-01-25T15:27:31","date_gmt":"2022-01-25T21:27:31","guid":{"rendered":"https:\/\/encuentroinformativo.com.mx\/?p=22730"},"modified":"2022-01-25T15:27:34","modified_gmt":"2022-01-25T21:27:34","slug":"piden-al-congreso-avalar-matrimonios-igualitarios","status":"publish","type":"post","link":"https:\/\/encuentroinformativo.com.mx\/?p=22730","title":{"rendered":"Piden al Congreso avalar matrimonios igualitarios"},"content":{"rendered":"\n<p><strong>Juan Arcos<\/strong><\/p>\n\n\n\n<p>Xalapa, Ver.- Integrantes de la comunidad de la diversidad sexual piden al Congreso local que avale el matrimonio igualitario en el estado de Veracruz.<\/p>\n\n\n\n<p>Se prev\u00e9 que este martes 25 de enero sea presentada la iniciativa de reforma al art\u00edculo 75 del C\u00f3digo Civil ante el pleno de la sexag\u00e9sima sexta Legislatura.<\/p>\n\n\n\n<p>De acuerdo con el presidente de la Coalici\u00f3n Estatal de la Diversidad Sexual, Benjam\u00edn Callejas Hern\u00e1ndez, Veracruz podr\u00eda convertirse en el estado n\u00famero 27 en avalar la uni\u00f3n entre personas del mismo sexo.<\/p>\n\n\n\n<p>El entrevistado record\u00f3 que la iniciativa ser\u00e1 llevada al pleno por el diputado local del Partido del Trabajo (PT), Ram\u00f3n D\u00edaz \u00c1vila, quien fue el \u00fanico de los legisladores que se mostr\u00f3 interesado.<\/p>\n\n\n\n<p>\u201cEl tema del matrimonio igualitario es una tema pendiente, una deuda hist\u00f3rica. Desde hace varios periodos se pide que se reforme el art\u00edculo 75 al C\u00f3digo Civil del Estado de Veracruz donde permita la uni\u00f3n entre dos personas del mismo sexo, o el llamado matrimonio igualitario\u201d, expres\u00f3.<\/p>\n\n\n\n<p>Con su aprobaci\u00f3n se acatar\u00eda la resoluci\u00f3n de la Suprema Corte de Justicia de la Naci\u00f3n (SCJN), misma que consider\u00f3 \u201cdiscriminatorio\u201d prohibir la uni\u00f3n civil entre parejas homosexuales.<\/p>\n\n\n\n<p>Cabe recordar que el diputado Ram\u00f3n D\u00edaz \u00c1vila tambi\u00e9n present\u00f3 la iniciativa para crear una Comisi\u00f3n especial en la Fiscal\u00eda para la atenci\u00f3n de cr\u00edmenes de odio por homofobia y tambi\u00e9n impulsar\u00e1 la Ley de Identidad Trans.<\/p>\n\n\n\n<p>El legislador del Movimiento de Regeneraci\u00f3n Nacional (Morena), Gonz\u00e1lo Iv\u00e1n Dur\u00e1n Chincoya, quien se dice \u201cdiputade\u201d y representante de la comunidad L\u00e9sbico, Gay, Bisexual y Transexual (LGBT), no ha presentado iniciativas relacionadas con los derechos de la diversidad sexual.<\/p>\n","protected":false},"excerpt":{"rendered":"<p>Juan Arcos Xalapa, Ver.- Integrantes de la comunidad de la diversidad sexual piden al Congreso local que avale el matrimonio igualitario en el estado de Veracruz. Se prev\u00e9 que este martes 25 de enero sea presentada la iniciativa de reforma al art\u00edculo 75 del C\u00f3digo Civil ante el pleno de la sexag\u00e9sima sexta Legislatura. De [&hellip;]<\/p>\n","protected":false},"author":1,"featured_media":22731,"comment_status":"open","ping_status":"open","sticky":false,"template":"","format":"standard","meta":{"_jetpack_memberships_contains_paid_content":false,"footnotes":""},"categories":[2],"tags":[],"class_list":["post-22730","post","type-post","status-publish","format-standard","has-post-thumbnail","hentry","category-estado"],"jetpack_featured_media_url":"https:\/\/encuentroinformativo.com.mx\/wp-content\/uploads\/2022\/01\/AB25DC9B-2C47-4313-9F49-A721B13D67F8.jpeg","jetpack_sharing_enabled":true,"jetpack_likes_enabled":true,"amp_enabled":true,"_links":{"self":[{"href":"https:\/\/encuentroinformativo.com.mx\/index.php?rest_route=\/wp\/v2\/posts\/22730","targetHints":{"allow":["GET"]}}],"collection":[{"href":"https:\/\/encuentroinformativo.com.mx\/index.php?rest_route=\/wp\/v2\/posts"}],"about":[{"href":"https:\/\/encuentroinformativo.com.mx\/index.php?rest_route=\/wp\/v2\/types\/post"}],"author":[{"embeddable":true,"href":"https:\/\/encuentroinformativo.com.mx\/index.php?rest_route=\/wp\/v2\/users\/1"}],"replies":[{"embeddable":true,"href":"https:\/\/encuentroinformativo.com.mx\/index.php?rest_route=%2Fwp%2Fv2%2Fcomments&post=22730"}],"version-history":[{"count":1,"href":"https:\/\/encuentroinformativo.com.mx\/index.php?rest_route=\/wp\/v2\/posts\/22730\/revisions"}],"predecessor-version":[{"id":22732,"href":"https:\/\/encuentroinformativo.com.mx\/index.php?rest_route=\/wp\/v2\/posts\/22730\/revisions\/22732"}],"wp:featuredmedia":[{"embeddable":true,"href":"https:\/\/encuentroinformativo.com.mx\/index.php?rest_route=\/wp\/v2\/media\/22731"}],"wp:attachment":[{"href":"https:\/\/encuentroinformativo.com.mx\/index.php?rest_route=%2Fwp%2Fv2%2Fmedia&parent=22730"}],"wp:term":[{"taxonomy":"category","embeddable":true,"href":"https:\/\/encuentroinformativo.com.mx\/index.php?rest_route=%2Fwp%2Fv2%2Fcategories&post=22730"},{"taxonomy":"post_tag","embeddable":true,"href":"https:\/\/encuentroinformativo.com.mx\/index.php?rest_route=%2Fwp%2Fv2%2Ftags&post=22730"}],"curies":[{"name":"wp","href":"https:\/\/api.w.org\/{rel}","templated":true}]}}