{"id":22733,"date":"2022-01-25T15:41:57","date_gmt":"2022-01-25T21:41:57","guid":{"rendered":"https:\/\/encuentroinformativo.com.mx\/?p=22733"},"modified":"2022-01-25T15:42:01","modified_gmt":"2022-01-25T21:42:01","slug":"productores-reclaman-a-gobierno-control-en-precio-del-cafe","status":"publish","type":"post","link":"https:\/\/encuentroinformativo.com.mx\/?p=22733","title":{"rendered":"Productores reclaman a Gobierno control en precio del caf\u00e9"},"content":{"rendered":"\n<p><strong>Dar\u00edo Pale<\/strong><\/p>\n\n\n\n<p>Xalapa, Ver.- El presidente del Consejo Regional del Caf\u00e9 en Coatepec, Ciro Ruiz Gonz\u00e1lez est\u00e1n exigiendo al gobierno federal que tome el control de los precios del caf\u00e9 para evitar que se presenten casos de abuso por parte de los &#8220;coyotes&#8221; quienes se dedican a acaparar toneladas de producci\u00f3n.<\/p>\n\n\n\n<p>En entrevista se\u00f1al\u00f3 que desafortunadamente no existen reglas para la compra del arom\u00e1tico lo cual genera que las empresas pongan el precio que quieren por el kilogramo de cereza.<\/p>\n\n\n\n<p>\u201cPor eso exigimos hayan nuevas reglas y que haya un organismo\u201d lo que servir\u00e1 que regule a las compa\u00f1\u00edas y las importaciones, pero a su vez los programas de fomento, la asistencia t\u00e9cnica y qu\u00e9 variedades deben cultivarse y se proh\u00edba el caf\u00e9 robusta \u201cporque es chatarra\u201d y el caf\u00e9 mexicano vale mucho m\u00e1s.<\/p>\n\n\n\n<p>Por estos detalles, desde el s\u00e1bado 22 de enero se han generado protestas y bloqueos en Ixhuatl\u00e1n del Caf\u00e9 para exigir precios justos, sobre todo a la empresa Agroindustrias de M\u00e9xico (AMSA).<\/p>\n\n\n\n<p>Ante varios d\u00edas de conflictos se establecieron mesas de reuniones entre productores y autoridades municipales y estatales, pero no en todas las propuestas llegaron a buenos acuerdos, lo que motiv\u00f3 a que se continuara con la toma de las instalaciones de AMSA.<\/p>\n\n\n\n<p>Por lo anterior se registr\u00f3 el incendio de la Agroindustrias en Ixhuatl\u00e1n del Caf\u00e9, lo que llev\u00f3 a la compa\u00f1\u00eda a cerrar por tiempo indefinido y por lo tanto no habr\u00e1 compras ni operaciones.<\/p>\n\n\n\n<p>Finalmente Ciro Ruiz coment\u00f3 que la importaci\u00f3n de caf\u00e9 robusta afecta, pues al pa\u00eds llegan en promedio 2 millones de sacos \u201cy nos urge la solidaridad hacia los productores de Ixhuatl\u00e1n y la postura de todas las organizaciones en el pa\u00eds y de los pueblos cafeteros que se investigue a fondo el actuar de las compa\u00f1\u00edas que son cuatro y se presume act\u00faan de manera concertada y en acuerdo con los coyotes\u201d.<\/p>\n","protected":false},"excerpt":{"rendered":"<p>Dar\u00edo Pale Xalapa, Ver.- El presidente del Consejo Regional del Caf\u00e9 en Coatepec, Ciro Ruiz Gonz\u00e1lez est\u00e1n exigiendo al gobierno federal que tome el control de los precios del caf\u00e9 para evitar que se presenten casos de abuso por parte de los &#8220;coyotes&#8221; quienes se dedican a acaparar toneladas de producci\u00f3n. En entrevista se\u00f1al\u00f3 que [&hellip;]<\/p>\n","protected":false},"author":1,"featured_media":6502,"comment_status":"open","ping_status":"open","sticky":false,"template":"","format":"standard","meta":{"_jetpack_memberships_contains_paid_content":false,"footnotes":""},"categories":[8],"tags":[],"class_list":["post-22733","post","type-post","status-publish","format-standard","has-post-thumbnail","hentry","category-region"],"jetpack_featured_media_url":"https:\/\/encuentroinformativo.com.mx\/wp-content\/uploads\/2020\/10\/CAFE-2.jpg","jetpack_sharing_enabled":true,"jetpack_likes_enabled":true,"amp_enabled":true,"_links":{"self":[{"href":"https:\/\/encuentroinformativo.com.mx\/index.php?rest_route=\/wp\/v2\/posts\/22733","targetHints":{"allow":["GET"]}}],"collection":[{"href":"https:\/\/encuentroinformativo.com.mx\/index.php?rest_route=\/wp\/v2\/posts"}],"about":[{"href":"https:\/\/encuentroinformativo.com.mx\/index.php?rest_route=\/wp\/v2\/types\/post"}],"author":[{"embeddable":true,"href":"https:\/\/encuentroinformativo.com.mx\/index.php?rest_route=\/wp\/v2\/users\/1"}],"replies":[{"embeddable":true,"href":"https:\/\/encuentroinformativo.com.mx\/index.php?rest_route=%2Fwp%2Fv2%2Fcomments&post=22733"}],"version-history":[{"count":1,"href":"https:\/\/encuentroinformativo.com.mx\/index.php?rest_route=\/wp\/v2\/posts\/22733\/revisions"}],"predecessor-version":[{"id":22734,"href":"https:\/\/encuentroinformativo.com.mx\/index.php?rest_route=\/wp\/v2\/posts\/22733\/revisions\/22734"}],"wp:featuredmedia":[{"embeddable":true,"href":"https:\/\/encuentroinformativo.com.mx\/index.php?rest_route=\/wp\/v2\/media\/6502"}],"wp:attachment":[{"href":"https:\/\/encuentroinformativo.com.mx\/index.php?rest_route=%2Fwp%2Fv2%2Fmedia&parent=22733"}],"wp:term":[{"taxonomy":"category","embeddable":true,"href":"https:\/\/encuentroinformativo.com.mx\/index.php?rest_route=%2Fwp%2Fv2%2Fcategories&post=22733"},{"taxonomy":"post_tag","embeddable":true,"href":"https:\/\/encuentroinformativo.com.mx\/index.php?rest_route=%2Fwp%2Fv2%2Ftags&post=22733"}],"curies":[{"name":"wp","href":"https:\/\/api.w.org\/{rel}","templated":true}]}}