{"id":2274,"date":"2020-05-02T13:41:44","date_gmt":"2020-05-02T18:41:44","guid":{"rendered":"https:\/\/encuentroinformativo.com\/?p=2274"},"modified":"2020-05-02T13:41:46","modified_gmt":"2020-05-02T18:41:46","slug":"en-picada-afluencia-de-usuarios-del-transporte-publico","status":"publish","type":"post","link":"https:\/\/encuentroinformativo.com.mx\/?p=2274","title":{"rendered":"\u201cEn picada\u201d afluencia de usuarios del transporte p\u00fablico"},"content":{"rendered":"\n<p><strong>Dar\u00edo Pale <\/strong><\/p>\n\n\n\n<p>Xalapa, Ver.- El presidente de la Sociedad Cooperativa del Servicio Urbano de Xalapa (SUX), Guillermo Baizabal Jim\u00e9nez, explic\u00f3 que el aforo de usuarios se ha ido en picada &#8220;y la p\u00e9rdida ha sido significante&#8221;.<\/p>\n\n\n\n<p>En entrevista telef\u00f3nica dio a conocer que el pasaje del transporte p\u00fablico ha disminuido hasta 80 por ciento durante las \u00faltimas cuatro semanas en la ciudad de Xalapa, derivado de la emergencia sanitaria por Coronavirus.<\/p>\n\n\n\n<p>&#8220;Hay muy poca gente que est\u00e1 utilizando el servicio con nosotros y es un golpe muy fuerte y es una situaci\u00f3n por la que estamos pasando&#8221;, se\u00f1al\u00f3 en entrevista.<\/p>\n\n\n\n<p>A pesar de ello, coment\u00f3 que las rutas no han sido suspendidas, pero el servicio s\u00ed se ha adaptado de acuerdo con las necesidades de los usuarios.<\/p>\n\n\n\n<p>Se han hecho monitoreos y tambi\u00e9n se han aplazado los horarios, por ejemplo hay ocho rutas que s\u00ed han tenido menor n\u00famero de usuarios.<\/p>\n\n\n\n<p>Y estas son en las avenidas de P\u00edpila, \u00c1vila Camacho, as\u00ed como a colonias de El Sumidero, El Porvenir, Las Higueras, Coapexpan donde se registran menor pasaje y ah\u00ed es donde las corridas han tenido que modificarse.<\/p>\n\n\n\n<p>&#8220;En Pip\u00edla, Sumidero e Higueras tuvimos que quitar m\u00e1s autobuses para prestar servicio, estuvimos prestando hasta 15 unidades y actualmente la estamos prestando con cinco&#8221;, finaliz\u00f3.<\/p>\n\n\n\n<p><\/p>\n","protected":false},"excerpt":{"rendered":"<p>Dar\u00edo Pale Xalapa, Ver.- El presidente de la Sociedad Cooperativa del Servicio Urbano de Xalapa (SUX), Guillermo Baizabal Jim\u00e9nez, explic\u00f3 que el aforo de usuarios se ha ido en picada &#8220;y la p\u00e9rdida ha sido significante&#8221;. En entrevista telef\u00f3nica dio a conocer que el pasaje del transporte p\u00fablico ha disminuido hasta 80 por ciento durante [&hellip;]<\/p>\n","protected":false},"author":1,"featured_media":2275,"comment_status":"open","ping_status":"open","sticky":false,"template":"","format":"standard","meta":{"_jetpack_memberships_contains_paid_content":false,"footnotes":""},"categories":[3],"tags":[],"class_list":["post-2274","post","type-post","status-publish","format-standard","has-post-thumbnail","hentry","category-xalapa"],"jetpack_featured_media_url":"https:\/\/encuentroinformativo.com.mx\/wp-content\/uploads\/2020\/05\/C0079389-9E89-4CA5-8A98-EC4CE63E093D.jpeg","jetpack_sharing_enabled":true,"jetpack_likes_enabled":true,"amp_enabled":true,"_links":{"self":[{"href":"https:\/\/encuentroinformativo.com.mx\/index.php?rest_route=\/wp\/v2\/posts\/2274","targetHints":{"allow":["GET"]}}],"collection":[{"href":"https:\/\/encuentroinformativo.com.mx\/index.php?rest_route=\/wp\/v2\/posts"}],"about":[{"href":"https:\/\/encuentroinformativo.com.mx\/index.php?rest_route=\/wp\/v2\/types\/post"}],"author":[{"embeddable":true,"href":"https:\/\/encuentroinformativo.com.mx\/index.php?rest_route=\/wp\/v2\/users\/1"}],"replies":[{"embeddable":true,"href":"https:\/\/encuentroinformativo.com.mx\/index.php?rest_route=%2Fwp%2Fv2%2Fcomments&post=2274"}],"version-history":[{"count":1,"href":"https:\/\/encuentroinformativo.com.mx\/index.php?rest_route=\/wp\/v2\/posts\/2274\/revisions"}],"predecessor-version":[{"id":2276,"href":"https:\/\/encuentroinformativo.com.mx\/index.php?rest_route=\/wp\/v2\/posts\/2274\/revisions\/2276"}],"wp:featuredmedia":[{"embeddable":true,"href":"https:\/\/encuentroinformativo.com.mx\/index.php?rest_route=\/wp\/v2\/media\/2275"}],"wp:attachment":[{"href":"https:\/\/encuentroinformativo.com.mx\/index.php?rest_route=%2Fwp%2Fv2%2Fmedia&parent=2274"}],"wp:term":[{"taxonomy":"category","embeddable":true,"href":"https:\/\/encuentroinformativo.com.mx\/index.php?rest_route=%2Fwp%2Fv2%2Fcategories&post=2274"},{"taxonomy":"post_tag","embeddable":true,"href":"https:\/\/encuentroinformativo.com.mx\/index.php?rest_route=%2Fwp%2Fv2%2Ftags&post=2274"}],"curies":[{"name":"wp","href":"https:\/\/api.w.org\/{rel}","templated":true}]}}