{"id":22742,"date":"2022-01-25T17:37:02","date_gmt":"2022-01-25T23:37:02","guid":{"rendered":"https:\/\/encuentroinformativo.com.mx\/?p=22742"},"modified":"2022-01-25T17:37:06","modified_gmt":"2022-01-25T23:37:06","slug":"alto-numero-de-contagios-por-omicron-evita-que-personas-acudan-a-obtener-refuerzo-de-vacuna","status":"publish","type":"post","link":"https:\/\/encuentroinformativo.com.mx\/?p=22742","title":{"rendered":"Alto n\u00famero de contagios por Omicron evita que personas acudan a obtener refuerzo de vacuna"},"content":{"rendered":"\n<p><strong>Alejandro \u00c1vila<\/strong><\/p>\n\n\n\n<p>Boca del R\u00edo, Ver.-\u00a0El delegado Federal, Manuel Huerta Ladr\u00f3n de Guevara, reconoci\u00f3 que el alto n\u00famero de contagios por la variante \u00d3micron, ha propiciado que muchas personas no acudan a vacunarse en la fecha establecida para su dosis de refuerzo.<\/p>\n\n\n\n<p>A pesar de ello, dijo que los n\u00fameros son positivos, aunque aseguro qu\u00e9 la campa\u00f1a contin\u00faa teniendo como prioridad a las personas que no han recibido una sola dosis de vacuna, pues seg\u00fan el reporte Federal, 320 de cada 400 personas que se hospitalizan, no han sido inoculadas siquiera por primera vez.<\/p>\n\n\n\n<p>&#8220;Van bien los n\u00fameros, porque hoy en la ma\u00f1ana, nivel nacional, el refuerzo para los adultos mayores de 60, se dio a conocer va al 60% a nivel nacional, y nosotros ya en Veracruz recorrimos 211 municipios, nada m\u00e1s nos falta Huiloapan, estamos en el 59.98. Y ese dato es el que digo tenemos que revisar bien, porque pareciera que estamos muy abajo, pero la verdad es que los contagios est\u00e1n en un porcentaje que, no hayan podido venir, y por eso tenemos permanentemente abiertos los puntos para qui\u00e9n no haya podido venir, de m\u00e1s de 60 al refuerzo, pueda venir&#8221;, coment\u00f3.<\/p>\n\n\n\n<p>Al respecto de la denuncia de algunos ciudadanos que no se pudieron vacunar este lunes en el Instituto Tecnol\u00f3gico de Veracruz, por un presunto desabasto de dosis, el delegado reconoci\u00f3 qu\u00e9 se acabaron las vacunas, pues el n\u00famero de asistentes fue mayor al esperado, aunque dijo, este martes lograron vacunar a los que quedaron pendiente de lunes.<\/p>\n\n\n\n<p>Adem\u00e1s, aclaro que no pod\u00edan llevar m\u00e1s vacunas pues deb\u00edan respetar los horarios laborales del personal de la Secretar\u00eda de Salud adscrito en la Jurisdicci\u00f3n Sanitaria n\u00famero 8.<\/p>\n\n\n\n<p>Finalmente, Manuel Huerta, dijo que el alza de contagios de la variante Omicron va decreciendo, y si bien no se hospitaliza a las personas y los s\u00edntomas son m\u00e1s leves, reconoci\u00f3 que a\u00fan molesta las personas contraer el virus de covid-19.<\/p>\n","protected":false},"excerpt":{"rendered":"<p>Alejandro \u00c1vila Boca del R\u00edo, Ver.-\u00a0El delegado Federal, Manuel Huerta Ladr\u00f3n de Guevara, reconoci\u00f3 que el alto n\u00famero de contagios por la variante \u00d3micron, ha propiciado que muchas personas no acudan a vacunarse en la fecha establecida para su dosis de refuerzo. A pesar de ello, dijo que los n\u00fameros son positivos, aunque aseguro qu\u00e9 [&hellip;]<\/p>\n","protected":false},"author":1,"featured_media":22739,"comment_status":"open","ping_status":"open","sticky":false,"template":"","format":"standard","meta":{"_jetpack_memberships_contains_paid_content":false,"footnotes":""},"categories":[9],"tags":[],"class_list":["post-22742","post","type-post","status-publish","format-standard","has-post-thumbnail","hentry","category-salud"],"jetpack_featured_media_url":"https:\/\/encuentroinformativo.com.mx\/wp-content\/uploads\/2022\/01\/6CF8236A-7E86-4445-BB4E-7CC4E30F5F5D.jpeg","jetpack_sharing_enabled":true,"jetpack_likes_enabled":true,"amp_enabled":true,"_links":{"self":[{"href":"https:\/\/encuentroinformativo.com.mx\/index.php?rest_route=\/wp\/v2\/posts\/22742","targetHints":{"allow":["GET"]}}],"collection":[{"href":"https:\/\/encuentroinformativo.com.mx\/index.php?rest_route=\/wp\/v2\/posts"}],"about":[{"href":"https:\/\/encuentroinformativo.com.mx\/index.php?rest_route=\/wp\/v2\/types\/post"}],"author":[{"embeddable":true,"href":"https:\/\/encuentroinformativo.com.mx\/index.php?rest_route=\/wp\/v2\/users\/1"}],"replies":[{"embeddable":true,"href":"https:\/\/encuentroinformativo.com.mx\/index.php?rest_route=%2Fwp%2Fv2%2Fcomments&post=22742"}],"version-history":[{"count":1,"href":"https:\/\/encuentroinformativo.com.mx\/index.php?rest_route=\/wp\/v2\/posts\/22742\/revisions"}],"predecessor-version":[{"id":22743,"href":"https:\/\/encuentroinformativo.com.mx\/index.php?rest_route=\/wp\/v2\/posts\/22742\/revisions\/22743"}],"wp:featuredmedia":[{"embeddable":true,"href":"https:\/\/encuentroinformativo.com.mx\/index.php?rest_route=\/wp\/v2\/media\/22739"}],"wp:attachment":[{"href":"https:\/\/encuentroinformativo.com.mx\/index.php?rest_route=%2Fwp%2Fv2%2Fmedia&parent=22742"}],"wp:term":[{"taxonomy":"category","embeddable":true,"href":"https:\/\/encuentroinformativo.com.mx\/index.php?rest_route=%2Fwp%2Fv2%2Fcategories&post=22742"},{"taxonomy":"post_tag","embeddable":true,"href":"https:\/\/encuentroinformativo.com.mx\/index.php?rest_route=%2Fwp%2Fv2%2Ftags&post=22742"}],"curies":[{"name":"wp","href":"https:\/\/api.w.org\/{rel}","templated":true}]}}