{"id":22744,"date":"2022-01-25T21:01:42","date_gmt":"2022-01-26T03:01:42","guid":{"rendered":"https:\/\/encuentroinformativo.com.mx\/?p=22744"},"modified":"2022-01-26T08:05:57","modified_gmt":"2022-01-26T14:05:57","slug":"exigen-comunicadores-cese-de-asesinato-a-periodistas","status":"publish","type":"post","link":"https:\/\/encuentroinformativo.com.mx\/?p=22744","title":{"rendered":"Exigen comunicadores cese de asesinato a periodistas"},"content":{"rendered":"\n<p><strong>Juan Arcos<\/strong><\/p>\n\n\n\n<p>Xalapa, Ver.- Comunicadores de Veracruz se sumaron a la movilizaci\u00f3n nacional para exigir que cesen los asesinatos de las y los periodistas en M\u00e9xico.<\/p>\n\n\n\n<p>Un grupo de ellos protest\u00f3 frente a Palacio de Gobierno donde hicieron un pase de lista de los reporteros y fotoperiodistas que fueron asesinados en Veracruz, durante los \u00faltimos 11 a\u00f1os.<\/p>\n\n\n\n<p>Tambi\u00e9n mencionaron a Lourdes Maldonado, Margarito Mart\u00ednez y Jos\u00e9 Luis Gamboa Arenas, periodistas ultimados en el pa\u00eds, en lo que va de este a\u00f1o.<\/p>\n\n\n\n<p>Los reporteros lanzaron consignas para que cesen las agresiones contra el gremio period\u00edstico, no solo en esta entidad sino a nivel nacional.<\/p>\n\n\n\n<p>\u201cNo se mata la verdad\u201d, \u201cbasta de impunidad\u201d y \u201cno m\u00e1s homicidios de periodistas\u201d, se le\u00eda en algunas de las pancartas que colocaron sobre Plaza Sebasti\u00e1n Lerdo de Tejada, tambi\u00e9n conocida como Plaza Regina Mart\u00ednez.<\/p>\n\n\n\n<p>Bajo las letras luminosas tur\u00edsticas que llevan el nombre de esta entidad, colocaron velas y veladoras, en memoria de los compa\u00f1eros ca\u00eddos.<\/p>\n\n\n\n<p>Durante el transcurso de este martes 25 de enero, los comunicadores protestaron en las diferentes regiones de Veracruz, principalmente en los municipios de Acayucan, Coatzacoalcos, C\u00f3rdoba, Orizaba, Xalapa y el puerto de Veracruz.<\/p>\n\n\n\n<p>Cabe recordar que en Veracruz han sido asesinados cuatro reporteros en lo que va de esta administraci\u00f3n estatal, que encabeza el Movimiento de Regeneraci\u00f3n Nacional (Morena).<br>El caso m\u00e1s reciente fue el de Jacinto Romero Flores, quien fue ultimado a balazos en la comunidad Potrerillo, municipio de Ixtaczoquitl\u00e1n, ubicado en la zona central monta\u00f1osa de Veracruz, el pasado 19 de agosto.<\/p>\n\n\n\n<figure class=\"wp-block-image size-large\"><img loading=\"lazy\" decoding=\"async\" width=\"1024\" height=\"683\" src=\"https:\/\/encuentroinformativo.com.mx\/wp-content\/uploads\/2022\/01\/F8750C96-DF7E-4E7E-8D67-773C54998E7C-1024x683.jpeg\" alt=\"\" class=\"wp-image-22746\" srcset=\"https:\/\/encuentroinformativo.com.mx\/wp-content\/uploads\/2022\/01\/F8750C96-DF7E-4E7E-8D67-773C54998E7C-1024x683.jpeg 1024w, https:\/\/encuentroinformativo.com.mx\/wp-content\/uploads\/2022\/01\/F8750C96-DF7E-4E7E-8D67-773C54998E7C-300x200.jpeg 300w, https:\/\/encuentroinformativo.com.mx\/wp-content\/uploads\/2022\/01\/F8750C96-DF7E-4E7E-8D67-773C54998E7C-768x512.jpeg 768w, https:\/\/encuentroinformativo.com.mx\/wp-content\/uploads\/2022\/01\/F8750C96-DF7E-4E7E-8D67-773C54998E7C-1536x1024.jpeg 1536w, https:\/\/encuentroinformativo.com.mx\/wp-content\/uploads\/2022\/01\/F8750C96-DF7E-4E7E-8D67-773C54998E7C-2048x1365.jpeg 2048w\" sizes=\"auto, (max-width: 1024px) 100vw, 1024px\" \/><\/figure>\n\n\n\n<figure class=\"wp-block-image size-large\"><img loading=\"lazy\" decoding=\"async\" width=\"1024\" height=\"683\" src=\"https:\/\/encuentroinformativo.com.mx\/wp-content\/uploads\/2022\/01\/92042206-518F-49C0-BA14-427E069D1B0D-1024x683.jpeg\" alt=\"\" class=\"wp-image-22747\" srcset=\"https:\/\/encuentroinformativo.com.mx\/wp-content\/uploads\/2022\/01\/92042206-518F-49C0-BA14-427E069D1B0D-1024x683.jpeg 1024w, https:\/\/encuentroinformativo.com.mx\/wp-content\/uploads\/2022\/01\/92042206-518F-49C0-BA14-427E069D1B0D-300x200.jpeg 300w, https:\/\/encuentroinformativo.com.mx\/wp-content\/uploads\/2022\/01\/92042206-518F-49C0-BA14-427E069D1B0D-768x512.jpeg 768w, https:\/\/encuentroinformativo.com.mx\/wp-content\/uploads\/2022\/01\/92042206-518F-49C0-BA14-427E069D1B0D-1536x1024.jpeg 1536w, https:\/\/encuentroinformativo.com.mx\/wp-content\/uploads\/2022\/01\/92042206-518F-49C0-BA14-427E069D1B0D-2048x1365.jpeg 2048w\" sizes=\"auto, (max-width: 1024px) 100vw, 1024px\" \/><\/figure>\n\n\n\n<figure class=\"wp-block-image size-large\"><img loading=\"lazy\" decoding=\"async\" width=\"1024\" height=\"768\" src=\"https:\/\/encuentroinformativo.com.mx\/wp-content\/uploads\/2022\/01\/F305A814-501F-4466-AACA-D27141340012-1024x768.jpeg\" alt=\"\" class=\"wp-image-22748\" srcset=\"https:\/\/encuentroinformativo.com.mx\/wp-content\/uploads\/2022\/01\/F305A814-501F-4466-AACA-D27141340012-1024x768.jpeg 1024w, https:\/\/encuentroinformativo.com.mx\/wp-content\/uploads\/2022\/01\/F305A814-501F-4466-AACA-D27141340012-300x225.jpeg 300w, https:\/\/encuentroinformativo.com.mx\/wp-content\/uploads\/2022\/01\/F305A814-501F-4466-AACA-D27141340012-768x576.jpeg 768w, https:\/\/encuentroinformativo.com.mx\/wp-content\/uploads\/2022\/01\/F305A814-501F-4466-AACA-D27141340012-1536x1152.jpeg 1536w, https:\/\/encuentroinformativo.com.mx\/wp-content\/uploads\/2022\/01\/F305A814-501F-4466-AACA-D27141340012.jpeg 2016w\" sizes=\"auto, (max-width: 1024px) 100vw, 1024px\" \/><\/figure>\n","protected":false},"excerpt":{"rendered":"<p>Juan Arcos Xalapa, Ver.- Comunicadores de Veracruz se sumaron a la movilizaci\u00f3n nacional para exigir que cesen los asesinatos de las y los periodistas en M\u00e9xico. Un grupo de ellos protest\u00f3 frente a Palacio de Gobierno donde hicieron un pase de lista de los reporteros y fotoperiodistas que fueron asesinados en Veracruz, durante los \u00faltimos [&hellip;]<\/p>\n","protected":false},"author":1,"featured_media":22745,"comment_status":"open","ping_status":"open","sticky":false,"template":"","format":"standard","meta":{"_jetpack_memberships_contains_paid_content":false,"footnotes":""},"categories":[3],"tags":[],"class_list":["post-22744","post","type-post","status-publish","format-standard","has-post-thumbnail","hentry","category-xalapa"],"jetpack_featured_media_url":"https:\/\/encuentroinformativo.com.mx\/wp-content\/uploads\/2022\/01\/A669B1D7-8332-4790-8D2E-8B8015996904-scaled.jpeg","jetpack_sharing_enabled":true,"jetpack_likes_enabled":true,"amp_enabled":true,"_links":{"self":[{"href":"https:\/\/encuentroinformativo.com.mx\/index.php?rest_route=\/wp\/v2\/posts\/22744","targetHints":{"allow":["GET"]}}],"collection":[{"href":"https:\/\/encuentroinformativo.com.mx\/index.php?rest_route=\/wp\/v2\/posts"}],"about":[{"href":"https:\/\/encuentroinformativo.com.mx\/index.php?rest_route=\/wp\/v2\/types\/post"}],"author":[{"embeddable":true,"href":"https:\/\/encuentroinformativo.com.mx\/index.php?rest_route=\/wp\/v2\/users\/1"}],"replies":[{"embeddable":true,"href":"https:\/\/encuentroinformativo.com.mx\/index.php?rest_route=%2Fwp%2Fv2%2Fcomments&post=22744"}],"version-history":[{"count":1,"href":"https:\/\/encuentroinformativo.com.mx\/index.php?rest_route=\/wp\/v2\/posts\/22744\/revisions"}],"predecessor-version":[{"id":22749,"href":"https:\/\/encuentroinformativo.com.mx\/index.php?rest_route=\/wp\/v2\/posts\/22744\/revisions\/22749"}],"wp:featuredmedia":[{"embeddable":true,"href":"https:\/\/encuentroinformativo.com.mx\/index.php?rest_route=\/wp\/v2\/media\/22745"}],"wp:attachment":[{"href":"https:\/\/encuentroinformativo.com.mx\/index.php?rest_route=%2Fwp%2Fv2%2Fmedia&parent=22744"}],"wp:term":[{"taxonomy":"category","embeddable":true,"href":"https:\/\/encuentroinformativo.com.mx\/index.php?rest_route=%2Fwp%2Fv2%2Fcategories&post=22744"},{"taxonomy":"post_tag","embeddable":true,"href":"https:\/\/encuentroinformativo.com.mx\/index.php?rest_route=%2Fwp%2Fv2%2Ftags&post=22744"}],"curies":[{"name":"wp","href":"https:\/\/api.w.org\/{rel}","templated":true}]}}