{"id":22760,"date":"2022-01-26T11:15:37","date_gmt":"2022-01-26T17:15:37","guid":{"rendered":"https:\/\/encuentroinformativo.com.mx\/?p=22760"},"modified":"2022-01-26T11:15:41","modified_gmt":"2022-01-26T17:15:41","slug":"boca-del-rio-se-ha-convertido-en-un-modelo-de-ciudad","status":"publish","type":"post","link":"https:\/\/encuentroinformativo.com.mx\/?p=22760","title":{"rendered":"Boca del R\u00edo se ha convertido en un modelo de ciudad"},"content":{"rendered":"\n<p><strong>Alejandro \u00c1vila<\/strong><\/p>\n\n\n\n<p>Boca del R\u00edo, Ver.- Este mi\u00e9rcoles 26 de enero en acto c\u00edvico, las autoridades municipales celebraron el 34 aniversario de Boca del R\u00edo como ciudad, estatus que fue otorgado en 1988 por el Gobierno del Estado de Veracruz.<\/p>\n\n\n\n<p>La regidora segunda, Adriana Gisela Gonz\u00e1lez Gir\u00f3n, destac\u00f3 que en un lapso muy corto Boca del R\u00edo se ha elegido c\u00f3mo la ciudad m\u00e1s moderna y desarrollada de la entidad veracruzana.<\/p>\n\n\n\n<p>Por su parte el alcalde, Juan Manuel Unanue Abascal, dijo qu\u00e9 la grandeza de una ciudad se asocia a su antig\u00fcedad y en otras ocasiones por su vasta extensi\u00f3n territorial.<\/p>\n\n\n\n<p>&#8220;Con Boca del R\u00edo sucede algo peculiar, su grandeza no se mide por los a\u00f1os qu\u00e9 tiene de expedida, ni por el tama\u00f1o de su territorio, nuestra ciudad es una de las m\u00e1s j\u00f3venes y la de menor extensi\u00f3n territorial en todo el estado de Veracruz; pero a\u00fan as\u00ed, nadie pone en duda su grandeza, para todos es visible, para todos es palpable. Lo que aqu\u00ed sucede, es que a diferencia de otros lugares, la grandeza de Boca del R\u00edo radica en toda nuestra gente, ese es nuestro mayor activo&#8221;, destac\u00f3 el panista.<\/p>\n\n\n\n<p>En el acto c\u00edvico se rindieron honores a la bandera, con la presencia de los presidentes de las c\u00e1maras empresariales, el Cabildo municipal y los directores de \u00e1rea; al t\u00e9rmino, se parti\u00f3 un pastel y se inaugur\u00f3 una exposici\u00f3n fotogr\u00e1fica de la ciudad.<\/p>\n\n\n\n<p>&#8220;En poco tiempo hemos convertido Boca del R\u00edo en un modelo de ciudad, en una aspiraci\u00f3n para el resto de los municipios de la entidad veracruzana, con este progreso, hemos logrado transmitir la esperanza de qu\u00e9 con orden, esfuerzo, disciplina y trabajo, un futuro promisorio es posible&#8221;, remat\u00f3 Unanue Abascal.<\/p>\n","protected":false},"excerpt":{"rendered":"<p>Alejandro \u00c1vila Boca del R\u00edo, Ver.- Este mi\u00e9rcoles 26 de enero en acto c\u00edvico, las autoridades municipales celebraron el 34 aniversario de Boca del R\u00edo como ciudad, estatus que fue otorgado en 1988 por el Gobierno del Estado de Veracruz. La regidora segunda, Adriana Gisela Gonz\u00e1lez Gir\u00f3n, destac\u00f3 que en un lapso muy corto Boca [&hellip;]<\/p>\n","protected":false},"author":1,"featured_media":22761,"comment_status":"open","ping_status":"open","sticky":false,"template":"","format":"standard","meta":{"_jetpack_memberships_contains_paid_content":false,"footnotes":""},"categories":[2],"tags":[],"class_list":["post-22760","post","type-post","status-publish","format-standard","has-post-thumbnail","hentry","category-estado"],"jetpack_featured_media_url":"https:\/\/encuentroinformativo.com.mx\/wp-content\/uploads\/2022\/01\/207D416E-A7E0-4669-8ED6-7DF543125E19.jpeg","jetpack_sharing_enabled":true,"jetpack_likes_enabled":true,"amp_enabled":true,"_links":{"self":[{"href":"https:\/\/encuentroinformativo.com.mx\/index.php?rest_route=\/wp\/v2\/posts\/22760","targetHints":{"allow":["GET"]}}],"collection":[{"href":"https:\/\/encuentroinformativo.com.mx\/index.php?rest_route=\/wp\/v2\/posts"}],"about":[{"href":"https:\/\/encuentroinformativo.com.mx\/index.php?rest_route=\/wp\/v2\/types\/post"}],"author":[{"embeddable":true,"href":"https:\/\/encuentroinformativo.com.mx\/index.php?rest_route=\/wp\/v2\/users\/1"}],"replies":[{"embeddable":true,"href":"https:\/\/encuentroinformativo.com.mx\/index.php?rest_route=%2Fwp%2Fv2%2Fcomments&post=22760"}],"version-history":[{"count":1,"href":"https:\/\/encuentroinformativo.com.mx\/index.php?rest_route=\/wp\/v2\/posts\/22760\/revisions"}],"predecessor-version":[{"id":22762,"href":"https:\/\/encuentroinformativo.com.mx\/index.php?rest_route=\/wp\/v2\/posts\/22760\/revisions\/22762"}],"wp:featuredmedia":[{"embeddable":true,"href":"https:\/\/encuentroinformativo.com.mx\/index.php?rest_route=\/wp\/v2\/media\/22761"}],"wp:attachment":[{"href":"https:\/\/encuentroinformativo.com.mx\/index.php?rest_route=%2Fwp%2Fv2%2Fmedia&parent=22760"}],"wp:term":[{"taxonomy":"category","embeddable":true,"href":"https:\/\/encuentroinformativo.com.mx\/index.php?rest_route=%2Fwp%2Fv2%2Fcategories&post=22760"},{"taxonomy":"post_tag","embeddable":true,"href":"https:\/\/encuentroinformativo.com.mx\/index.php?rest_route=%2Fwp%2Fv2%2Ftags&post=22760"}],"curies":[{"name":"wp","href":"https:\/\/api.w.org\/{rel}","templated":true}]}}