{"id":2277,"date":"2020-05-02T13:48:15","date_gmt":"2020-05-02T18:48:15","guid":{"rendered":"https:\/\/encuentroinformativo.com\/?p=2277"},"modified":"2020-05-02T13:48:17","modified_gmt":"2020-05-02T18:48:17","slug":"musicos-meseros-fotografos-de-fiestas-se-suman-en-protestas-reclaman-apoyos","status":"publish","type":"post","link":"https:\/\/encuentroinformativo.com.mx\/?p=2277","title":{"rendered":"M\u00fasicos, meseros, fot\u00f3grafos de fiestas se suman en protestas, reclaman apoyos"},"content":{"rendered":"\n<p><strong>Dar\u00edo Pale <\/strong><\/p>\n\n\n\n<p>Xalapa, Ver.- M\u00fasicos, fot\u00f3grafos de fiestas, meseros, cocineros, as\u00ed como los sonideros, se quedaron sin empleos, debido a que la industria de eventos se desplom\u00f3 en su totalidad en el Estado de Veracruz.<\/p>\n\n\n\n<p>Son un promedio de 15 mil afectados, seg\u00fan el registro con base a las declaraciones que han realizado los trabajadores quienes desde hace cuatro semanas se han manifestado en la plaza Sebasti\u00e1n Lerdo de Tejada.<\/p>\n\n\n\n<p>Este mi\u00e9rcoles en la capital veracruzana, protest\u00f3 un grupo de camar\u00f3grafos de la regi\u00f3n capital quienes indicaron que son ocho sindicatos los afectados y cada uno cuenta con por lo menos 250 trabajadores de fotograf\u00eda es decir 2 mil afectados.<\/p>\n\n\n\n<p>Varios se han visto en la necesidad de vender o empe\u00f1ar sus equipos, principalmente los instrumentos musicales y c\u00e1maras fotogr\u00e1ficas.<\/p>\n\n\n\n<p>De acuerdo con Agust\u00edn Castillo D\u00edaz, que es uno de los afectados, se han quedado sin empleo y sin el sustento para sus familias.<\/p>\n\n\n\n<p>Decenas de fot\u00f3grafos protestaron en Plaza Sebasti\u00e1n Lerdo de Tejada para exigir un apoyo econ\u00f3mico al gobierno para hacer frente a la contingencia sanitaria por coronavirus.<\/p>\n\n\n\n<p>Su trabajo se ha visto interrumpido por la cancelaci\u00f3n de eventos en iglesias, escuelas y fiestas, adem\u00e1s de que desconocen si se har\u00e1n o no las graduaciones que son las temporadas altas para este sector laboral.<\/p>\n\n\n\n<p>\u201cEstamos desesperados, buscamos un apoyo, no sabemos cu\u00e1ndo se va a reanudar nuestras labores\u201d, pues detall\u00f3 que del 14 y 21 de marzo fueron \u00faltimos d\u00edas que pudieron trabajar.<\/p>\n\n\n\n<p>Y desde entonces algunos se han visto en la necesidad de empe\u00f1ar sus equipos para poder subsistir durante los d\u00edas de aislamiento social.<\/p>\n\n\n\n<p>\u201cDespu\u00e9s se ven\u00eda Semana Santa, es una temporada muy baja porque no hay eventos, las iglesias cierran para celebrar \u00fanicamente la pasi\u00f3n de Cristo\u201d, comentaron.<\/p>\n\n\n\n<p>En tanto que un grupo de m\u00fasicos toc\u00f3 varias melod\u00edas frente a Palacio de Gobierno y el Ayuntamiento de Xalapa como parte de una manifestaci\u00f3n para exigir apoyos econ\u00f3micos durante esta contingencia sanitaria.<\/p>\n\n\n\n<p>De acuerdo con el secretario general del Sindicato de Filarm\u00f3nicos del Estado de Veracruz, Jos\u00e9 Luis Ram\u00edrez Reyes, consider\u00f3 que las personas dedicadas a la m\u00fasica enfrentan una grave crisis en este momento.<\/p>\n\n\n\n<p>Tan s\u00f3lo en Xalapa hay m\u00e1s de mil familias afectadas por la falta de empleo y cerca de tres mil en todo el estado quienes han intentado acceder a los programas de gobierno para apoyar a quienes se quedaron sin trabajo por la pandemia.<\/p>\n\n\n\n<p>Por \u00faltimo cabe se\u00f1alar que de la misma manera han protestado los meseros independientes de la regi\u00f3n capital quienes han declarado que son b\u00e1sicamente 10 mil trabajadores que atienden fiestas infantiles, bodas, clausuras escolares, aniversarios, inauguraciones pero que hoy se han quedado sin empleo.<\/p>\n\n\n\n<p><\/p>\n","protected":false},"excerpt":{"rendered":"<p>Dar\u00edo Pale Xalapa, Ver.- M\u00fasicos, fot\u00f3grafos de fiestas, meseros, cocineros, as\u00ed como los sonideros, se quedaron sin empleos, debido a que la industria de eventos se desplom\u00f3 en su totalidad en el Estado de Veracruz. Son un promedio de 15 mil afectados, seg\u00fan el registro con base a las declaraciones que han realizado los trabajadores [&hellip;]<\/p>\n","protected":false},"author":1,"featured_media":2278,"comment_status":"open","ping_status":"open","sticky":false,"template":"","format":"standard","meta":{"_jetpack_memberships_contains_paid_content":false,"footnotes":""},"categories":[3],"tags":[],"class_list":["post-2277","post","type-post","status-publish","format-standard","has-post-thumbnail","hentry","category-xalapa"],"jetpack_featured_media_url":"https:\/\/encuentroinformativo.com.mx\/wp-content\/uploads\/2020\/05\/30D874C4-1171-44A0-A7DC-015709782D65.jpeg","jetpack_sharing_enabled":true,"jetpack_likes_enabled":true,"amp_enabled":true,"_links":{"self":[{"href":"https:\/\/encuentroinformativo.com.mx\/index.php?rest_route=\/wp\/v2\/posts\/2277","targetHints":{"allow":["GET"]}}],"collection":[{"href":"https:\/\/encuentroinformativo.com.mx\/index.php?rest_route=\/wp\/v2\/posts"}],"about":[{"href":"https:\/\/encuentroinformativo.com.mx\/index.php?rest_route=\/wp\/v2\/types\/post"}],"author":[{"embeddable":true,"href":"https:\/\/encuentroinformativo.com.mx\/index.php?rest_route=\/wp\/v2\/users\/1"}],"replies":[{"embeddable":true,"href":"https:\/\/encuentroinformativo.com.mx\/index.php?rest_route=%2Fwp%2Fv2%2Fcomments&post=2277"}],"version-history":[{"count":1,"href":"https:\/\/encuentroinformativo.com.mx\/index.php?rest_route=\/wp\/v2\/posts\/2277\/revisions"}],"predecessor-version":[{"id":2279,"href":"https:\/\/encuentroinformativo.com.mx\/index.php?rest_route=\/wp\/v2\/posts\/2277\/revisions\/2279"}],"wp:featuredmedia":[{"embeddable":true,"href":"https:\/\/encuentroinformativo.com.mx\/index.php?rest_route=\/wp\/v2\/media\/2278"}],"wp:attachment":[{"href":"https:\/\/encuentroinformativo.com.mx\/index.php?rest_route=%2Fwp%2Fv2%2Fmedia&parent=2277"}],"wp:term":[{"taxonomy":"category","embeddable":true,"href":"https:\/\/encuentroinformativo.com.mx\/index.php?rest_route=%2Fwp%2Fv2%2Fcategories&post=2277"},{"taxonomy":"post_tag","embeddable":true,"href":"https:\/\/encuentroinformativo.com.mx\/index.php?rest_route=%2Fwp%2Fv2%2Ftags&post=2277"}],"curies":[{"name":"wp","href":"https:\/\/api.w.org\/{rel}","templated":true}]}}