{"id":22780,"date":"2022-01-26T20:18:41","date_gmt":"2022-01-27T02:18:41","guid":{"rendered":"https:\/\/encuentroinformativo.com.mx\/?p=22780"},"modified":"2022-01-26T20:18:44","modified_gmt":"2022-01-27T02:18:44","slug":"instalan-comision-edilicia-de-salud-y-asistencia-publica-en-ayuntamiento-xalapeno","status":"publish","type":"post","link":"https:\/\/encuentroinformativo.com.mx\/?p=22780","title":{"rendered":"Instalan Comisi\u00f3n Edilicia de Salud y Asistencia P\u00fablica en Ayuntamiento Xalape\u00f1o"},"content":{"rendered":"\n<p>Xalapa, Ver.- El apoyo incondicional de toda la estructura del Gobierno Municipal ofreci\u00f3 el alcalde Ricardo Ahued a los integrantes de la Comisi\u00f3n edilicia de Salud y Asistencia P\u00fablica, que este mi\u00e9rcoles fue instalada formalmente.<\/p>\n\n\n\n<p>El Edil reconoci\u00f3 la capacidad del titular de esta comisi\u00f3n, el regidor Mart\u00edn Victoriano Espinoza Rold\u00e1n, as\u00ed como a los regidores integrantes, Alfonso Marcos Garc\u00eda Castillo y Minerva Salcedo Baca, pues con di\u00e1logo, trabajo en equipo e integraci\u00f3n contribuir\u00e1n al buen funcionamiento del \u00e1rea de salud, el desarrollo de pol\u00edticas p\u00fablicas adecuadas y la atenci\u00f3n a la ciudadan\u00eda.<\/p>\n\n\n\n<p>Tambi\u00e9n destac\u00f3 a las y los funcionarios que est\u00e1n al frente de cada una de las \u00e1reas de la Subdirecci\u00f3n de Salud, pues su experiencia y trayectoria permitir\u00e1n dar buenos resultados a la poblaci\u00f3n.<\/p>\n\n\n\n<p>Asistieron adem\u00e1s de los ediles integrantes de la Comisi\u00f3n, la s\u00edndica Cecilia Coronel Brizio, la encargada de la subdirecci\u00f3n de Salud, Olga Alarc\u00f3n, la titular del Departamento de Promoci\u00f3n de la Salud, Celestina Alc\u00e1ntara de la Cruz, la enlace de Salud, Sara Bahena Santander, la titular del Departamento de Regulaci\u00f3n Sanitaria, Flor Dorantes Dom\u00ednguez, el jefe de la Unidad de Salud Animal, Jos\u00e9 Luis Ronz\u00f3n Ronz\u00f3n y de la Unidad de Rastro Municipal, Carlos Grajales Dom\u00ednguez.<\/p>\n","protected":false},"excerpt":{"rendered":"<p>Xalapa, Ver.- El apoyo incondicional de toda la estructura del Gobierno Municipal ofreci\u00f3 el alcalde Ricardo Ahued a los integrantes de la Comisi\u00f3n edilicia de Salud y Asistencia P\u00fablica, que este mi\u00e9rcoles fue instalada formalmente. El Edil reconoci\u00f3 la capacidad del titular de esta comisi\u00f3n, el regidor Mart\u00edn Victoriano Espinoza Rold\u00e1n, as\u00ed como a los [&hellip;]<\/p>\n","protected":false},"author":1,"featured_media":22781,"comment_status":"open","ping_status":"open","sticky":false,"template":"","format":"standard","meta":{"_jetpack_memberships_contains_paid_content":false,"footnotes":""},"categories":[9],"tags":[],"class_list":["post-22780","post","type-post","status-publish","format-standard","has-post-thumbnail","hentry","category-salud"],"jetpack_featured_media_url":"https:\/\/encuentroinformativo.com.mx\/wp-content\/uploads\/2022\/01\/67991AC4-70E0-4C7C-9244-5A7A411847BF.jpeg","jetpack_sharing_enabled":true,"jetpack_likes_enabled":true,"amp_enabled":true,"_links":{"self":[{"href":"https:\/\/encuentroinformativo.com.mx\/index.php?rest_route=\/wp\/v2\/posts\/22780","targetHints":{"allow":["GET"]}}],"collection":[{"href":"https:\/\/encuentroinformativo.com.mx\/index.php?rest_route=\/wp\/v2\/posts"}],"about":[{"href":"https:\/\/encuentroinformativo.com.mx\/index.php?rest_route=\/wp\/v2\/types\/post"}],"author":[{"embeddable":true,"href":"https:\/\/encuentroinformativo.com.mx\/index.php?rest_route=\/wp\/v2\/users\/1"}],"replies":[{"embeddable":true,"href":"https:\/\/encuentroinformativo.com.mx\/index.php?rest_route=%2Fwp%2Fv2%2Fcomments&post=22780"}],"version-history":[{"count":1,"href":"https:\/\/encuentroinformativo.com.mx\/index.php?rest_route=\/wp\/v2\/posts\/22780\/revisions"}],"predecessor-version":[{"id":22782,"href":"https:\/\/encuentroinformativo.com.mx\/index.php?rest_route=\/wp\/v2\/posts\/22780\/revisions\/22782"}],"wp:featuredmedia":[{"embeddable":true,"href":"https:\/\/encuentroinformativo.com.mx\/index.php?rest_route=\/wp\/v2\/media\/22781"}],"wp:attachment":[{"href":"https:\/\/encuentroinformativo.com.mx\/index.php?rest_route=%2Fwp%2Fv2%2Fmedia&parent=22780"}],"wp:term":[{"taxonomy":"category","embeddable":true,"href":"https:\/\/encuentroinformativo.com.mx\/index.php?rest_route=%2Fwp%2Fv2%2Fcategories&post=22780"},{"taxonomy":"post_tag","embeddable":true,"href":"https:\/\/encuentroinformativo.com.mx\/index.php?rest_route=%2Fwp%2Fv2%2Ftags&post=22780"}],"curies":[{"name":"wp","href":"https:\/\/api.w.org\/{rel}","templated":true}]}}