{"id":22788,"date":"2022-01-27T12:11:40","date_gmt":"2022-01-27T18:11:40","guid":{"rendered":"https:\/\/encuentroinformativo.com.mx\/?p=22788"},"modified":"2022-01-27T12:11:44","modified_gmt":"2022-01-27T18:11:44","slug":"buscaran-coordinacion-para-atender-problemas-del-agua-informo-alcaldesa","status":"publish","type":"post","link":"https:\/\/encuentroinformativo.com.mx\/?p=22788","title":{"rendered":"Buscar\u00e1n coordinaci\u00f3n para atender problemas del agua, inform\u00f3 alcaldesa"},"content":{"rendered":"\n<p><strong>Alejandro \u00c1vila<\/strong><\/p>\n\n\n\n<p>Veracruz, Ver.- La alcaldesa de Veracruz, Patricia Lobeira Rodr\u00edguez, confirm\u00f3 que los temas relacionados con el suministro de agua son prioridad en su agenda, motivo por el cual solicitar\u00e1 a la brevedad, una reuni\u00f3n con el presidente municipal de Medell\u00edn de Bravo, Marcos Isle\u00f1o Andrade.<\/p>\n\n\n\n<p>La edil panista record\u00f3 que el Ayuntamiento de Medell\u00edn dej\u00f3 de pertenecer al consejo del Instituto Metropolitano del Agua (IMA), pero coment\u00f3 que a pesar de ello y de que su hom\u00f3logo en Medell\u00edn pertenezca a otra corriente pol\u00edtica, consider\u00f3 no habr\u00e1 problema para llegar a acuerdos que beneficien a los ciudadanos de ambos municipios.<\/p>\n\n\n\n<p>&#8220;Ahorita hemos andado con muchos temas en el Ayuntamiento, empezando, y yo me imagino que ellos igual, entonces ahorita no se ha dado el acercamiento, pero ya una vez que estemos un poco m\u00e1s estables y que ya haya pasado todo el proceso de cambio de administraci\u00f3n, ya nosotros estar\u00edamos buscando una cita m\u00e1s en concreto&#8221;, apunt\u00f3.<\/p>\n\n\n\n<p>Cabe mencionar que en la toma de protesta de Marcos Isle\u00f1o, el morenista se\u00f1al\u00f3 que exigir\u00e1 a Grupo MAS cumpla con la inversi\u00f3n de la red hidr\u00e1ulica prometida para su municipio, pues localidades como El Tejar, Los Robles y Paso del Toro, sufren de severos da\u00f1os en su infraestructura, y el suministro de agua es poco o nulo, siendo que Medell\u00edn de Bravo es qui\u00e9n provee el agua para la ciudadan\u00eda de los municipios de Boca del R\u00edo, Veracruz, y el que ahora preside.<\/p>\n","protected":false},"excerpt":{"rendered":"<p>Alejandro \u00c1vila Veracruz, Ver.- La alcaldesa de Veracruz, Patricia Lobeira Rodr\u00edguez, confirm\u00f3 que los temas relacionados con el suministro de agua son prioridad en su agenda, motivo por el cual solicitar\u00e1 a la brevedad, una reuni\u00f3n con el presidente municipal de Medell\u00edn de Bravo, Marcos Isle\u00f1o Andrade. La edil panista record\u00f3 que el Ayuntamiento de [&hellip;]<\/p>\n","protected":false},"author":1,"featured_media":22789,"comment_status":"open","ping_status":"open","sticky":false,"template":"","format":"standard","meta":{"_jetpack_memberships_contains_paid_content":false,"footnotes":""},"categories":[2],"tags":[],"class_list":["post-22788","post","type-post","status-publish","format-standard","has-post-thumbnail","hentry","category-estado"],"jetpack_featured_media_url":"https:\/\/encuentroinformativo.com.mx\/wp-content\/uploads\/2022\/01\/026CF549-15B9-4854-8DFB-87C805178CA0.jpeg","jetpack_sharing_enabled":true,"jetpack_likes_enabled":true,"amp_enabled":true,"_links":{"self":[{"href":"https:\/\/encuentroinformativo.com.mx\/index.php?rest_route=\/wp\/v2\/posts\/22788","targetHints":{"allow":["GET"]}}],"collection":[{"href":"https:\/\/encuentroinformativo.com.mx\/index.php?rest_route=\/wp\/v2\/posts"}],"about":[{"href":"https:\/\/encuentroinformativo.com.mx\/index.php?rest_route=\/wp\/v2\/types\/post"}],"author":[{"embeddable":true,"href":"https:\/\/encuentroinformativo.com.mx\/index.php?rest_route=\/wp\/v2\/users\/1"}],"replies":[{"embeddable":true,"href":"https:\/\/encuentroinformativo.com.mx\/index.php?rest_route=%2Fwp%2Fv2%2Fcomments&post=22788"}],"version-history":[{"count":1,"href":"https:\/\/encuentroinformativo.com.mx\/index.php?rest_route=\/wp\/v2\/posts\/22788\/revisions"}],"predecessor-version":[{"id":22790,"href":"https:\/\/encuentroinformativo.com.mx\/index.php?rest_route=\/wp\/v2\/posts\/22788\/revisions\/22790"}],"wp:featuredmedia":[{"embeddable":true,"href":"https:\/\/encuentroinformativo.com.mx\/index.php?rest_route=\/wp\/v2\/media\/22789"}],"wp:attachment":[{"href":"https:\/\/encuentroinformativo.com.mx\/index.php?rest_route=%2Fwp%2Fv2%2Fmedia&parent=22788"}],"wp:term":[{"taxonomy":"category","embeddable":true,"href":"https:\/\/encuentroinformativo.com.mx\/index.php?rest_route=%2Fwp%2Fv2%2Fcategories&post=22788"},{"taxonomy":"post_tag","embeddable":true,"href":"https:\/\/encuentroinformativo.com.mx\/index.php?rest_route=%2Fwp%2Fv2%2Ftags&post=22788"}],"curies":[{"name":"wp","href":"https:\/\/api.w.org\/{rel}","templated":true}]}}