{"id":22791,"date":"2022-01-27T12:18:42","date_gmt":"2022-01-27T18:18:42","guid":{"rendered":"https:\/\/encuentroinformativo.com.mx\/?p=22791"},"modified":"2022-01-27T12:18:46","modified_gmt":"2022-01-27T18:18:46","slug":"reclaman-revision-de-concesion-a-grupo-mas","status":"publish","type":"post","link":"https:\/\/encuentroinformativo.com.mx\/?p=22791","title":{"rendered":"Reclaman revisi\u00f3n de concesi\u00f3n a grupo M\u00e1s"},"content":{"rendered":"\n<p><strong>Dar\u00edo Pale <\/strong><\/p>\n\n\n\n<p>Xalapa, Ver.- Jes\u00fas L\u00f3pez Pe\u00f1a presidente del Movimiento Civil Independiente (MOCI), acompa\u00f1ado de aproximadamente 40 personas de Veracruz, Medell\u00edn y Boca del R\u00edo se manifestaron en la plaza Lerdo para recordarle al Gobernador que prometi\u00f3 revisar extinci\u00f3n de concesi\u00f3n a Grupo M\u00e1s y Grupo CAB.<\/p>\n\n\n\n<p>Entrevistado durante la manifestaci\u00f3n se\u00f1al\u00f3 que tienen las tarifas muy altas adem\u00e1s de que les incrementaron el precio del agua al 10 por ciento y la calidad est\u00e1 muy mala, por lo que no es posible que se tengan a esas personas dando este mal servicio.<\/p>\n\n\n\n<p>Se\u00f1al\u00f3 que las autoridades no se han manifestado a favor ni en contra pareciera que est\u00e1n solapando el mar servicio que tienen en Veracruz y hasta el momento Nadia ha metido las manos por ellos, han tocado puertas y a palacio nacional y nadie les hace caso.<\/p>\n\n\n\n<p>Por lo anterior determinaron manifestarse en Xalapa para exigir al gobernador Cuitl\u00e1huac Garc\u00eda la extinci\u00f3n de la concesi\u00f3n del agua a Grupo MAS y Grupo CAB, y record\u00f3 que el Mandatario se comprometi\u00f3 a revisar esta situaci\u00f3n desde el 2019, pero es la fecha en que no los atiende.<\/p>\n\n\n\n<p>&#8220;Hoy venimos a exigir al Gobernador que cumpla su palabra que dio ante el presidente de la Rep\u00fablica, eso fue en el 2019 y es fecha en que no nos atiende y no quiere voltear a ver las exigencias que tenemos en el puerto de Veracruz, Medell\u00edn y Boca del R\u00edo&#8221;, se\u00f1al\u00f3.<\/p>\n\n\n\n<p>&#8220;Queremos la extinci\u00f3n a la concesi\u00f3n del agua a Grupo MAS y a Grupo CAB&#8230;todo Veracruz, todo Medell\u00edn, todo Boca usan agua, todos, te digo que todo el padr\u00f3n electoral de Veracruz est\u00e1 con este problema&#8221;, agreg\u00f3.<\/p>\n\n\n\n<p>Finalmente dieron a conocer que ambas empresas cobran precios exorbitantes por agua sucia, que no re\u00fane la Norma 179 que debe cumplir y a pesar de que el Ejecutivo lo sabe no hace nada.<\/p>\n\n\n\n<figure class=\"wp-block-image size-large\"><img loading=\"lazy\" decoding=\"async\" width=\"1024\" height=\"617\" src=\"https:\/\/encuentroinformativo.com.mx\/wp-content\/uploads\/2022\/01\/4CFC6066-5627-4362-B938-611D90012A76-1024x617.jpeg\" alt=\"\" class=\"wp-image-22793\" srcset=\"https:\/\/encuentroinformativo.com.mx\/wp-content\/uploads\/2022\/01\/4CFC6066-5627-4362-B938-611D90012A76-1024x617.jpeg 1024w, https:\/\/encuentroinformativo.com.mx\/wp-content\/uploads\/2022\/01\/4CFC6066-5627-4362-B938-611D90012A76-300x181.jpeg 300w, https:\/\/encuentroinformativo.com.mx\/wp-content\/uploads\/2022\/01\/4CFC6066-5627-4362-B938-611D90012A76-768x463.jpeg 768w, https:\/\/encuentroinformativo.com.mx\/wp-content\/uploads\/2022\/01\/4CFC6066-5627-4362-B938-611D90012A76.jpeg 1163w\" sizes=\"auto, (max-width: 1024px) 100vw, 1024px\" \/><\/figure>\n","protected":false},"excerpt":{"rendered":"<p>Dar\u00edo Pale Xalapa, Ver.- Jes\u00fas L\u00f3pez Pe\u00f1a presidente del Movimiento Civil Independiente (MOCI), acompa\u00f1ado de aproximadamente 40 personas de Veracruz, Medell\u00edn y Boca del R\u00edo se manifestaron en la plaza Lerdo para recordarle al Gobernador que prometi\u00f3 revisar extinci\u00f3n de concesi\u00f3n a Grupo M\u00e1s y Grupo CAB. Entrevistado durante la manifestaci\u00f3n se\u00f1al\u00f3 que tienen las [&hellip;]<\/p>\n","protected":false},"author":1,"featured_media":22792,"comment_status":"open","ping_status":"open","sticky":false,"template":"","format":"standard","meta":{"_jetpack_memberships_contains_paid_content":false,"footnotes":""},"categories":[2],"tags":[],"class_list":["post-22791","post","type-post","status-publish","format-standard","has-post-thumbnail","hentry","category-estado"],"jetpack_featured_media_url":"https:\/\/encuentroinformativo.com.mx\/wp-content\/uploads\/2022\/01\/6611F4DE-F3E1-4095-BE6F-99C249571973.jpeg","jetpack_sharing_enabled":true,"jetpack_likes_enabled":true,"amp_enabled":true,"_links":{"self":[{"href":"https:\/\/encuentroinformativo.com.mx\/index.php?rest_route=\/wp\/v2\/posts\/22791","targetHints":{"allow":["GET"]}}],"collection":[{"href":"https:\/\/encuentroinformativo.com.mx\/index.php?rest_route=\/wp\/v2\/posts"}],"about":[{"href":"https:\/\/encuentroinformativo.com.mx\/index.php?rest_route=\/wp\/v2\/types\/post"}],"author":[{"embeddable":true,"href":"https:\/\/encuentroinformativo.com.mx\/index.php?rest_route=\/wp\/v2\/users\/1"}],"replies":[{"embeddable":true,"href":"https:\/\/encuentroinformativo.com.mx\/index.php?rest_route=%2Fwp%2Fv2%2Fcomments&post=22791"}],"version-history":[{"count":1,"href":"https:\/\/encuentroinformativo.com.mx\/index.php?rest_route=\/wp\/v2\/posts\/22791\/revisions"}],"predecessor-version":[{"id":22794,"href":"https:\/\/encuentroinformativo.com.mx\/index.php?rest_route=\/wp\/v2\/posts\/22791\/revisions\/22794"}],"wp:featuredmedia":[{"embeddable":true,"href":"https:\/\/encuentroinformativo.com.mx\/index.php?rest_route=\/wp\/v2\/media\/22792"}],"wp:attachment":[{"href":"https:\/\/encuentroinformativo.com.mx\/index.php?rest_route=%2Fwp%2Fv2%2Fmedia&parent=22791"}],"wp:term":[{"taxonomy":"category","embeddable":true,"href":"https:\/\/encuentroinformativo.com.mx\/index.php?rest_route=%2Fwp%2Fv2%2Fcategories&post=22791"},{"taxonomy":"post_tag","embeddable":true,"href":"https:\/\/encuentroinformativo.com.mx\/index.php?rest_route=%2Fwp%2Fv2%2Ftags&post=22791"}],"curies":[{"name":"wp","href":"https:\/\/api.w.org\/{rel}","templated":true}]}}