{"id":2280,"date":"2020-05-02T15:51:20","date_gmt":"2020-05-02T20:51:20","guid":{"rendered":"https:\/\/encuentroinformativo.com\/?p=2280"},"modified":"2020-05-02T15:51:23","modified_gmt":"2020-05-02T20:51:23","slug":"sdtev-pide-no-extinguir-fondo-de-ahorro-para-el-retiro","status":"publish","type":"post","link":"https:\/\/encuentroinformativo.com.mx\/?p=2280","title":{"rendered":"SDTEV pide no extinguir fondo de ahorro para el retiro"},"content":{"rendered":"\n<p><strong>Dar\u00edo Pale <\/strong><\/p>\n\n\n\n<p>Xalapa, Ver.- Mediante un oficio solicitan al gobernador Cuitl\u00e1huac Garc\u00eda Jim\u00e9nez que intervenga y d\u00e9 instrucciones al secretario de Finanzas y Planeaci\u00f3n, Jos\u00e9 Luis Lima, para que el Fideicomiso del Fondo del Sistema de Ahorro para el Retiro (SAR) de los trabajadores al servicio del gobierno no se extinga.<\/p>\n\n\n\n<p>Oswaldo Daniel Ahumada Aguirre, secretario general del Sindicato Democr\u00e1tico de Trabajadores de la Educaci\u00f3n de Veracruz (SDTEV), se\u00f1ala que el fideicomiso mencionado queda incluido en el Decreto publicado el pasado 21 de abril en la Gaceta Oficial del Estado que ordena la extinci\u00f3n o terminaci\u00f3n de fideicomisos p\u00fablicos, mandatos p\u00fablicos y an\u00e1logos.<\/p>\n\n\n\n<p>Tambi\u00e9n indica que en el amparo del art\u00edculo tercero del Decreto que ordena la constituci\u00f3n del Fideicomiso P\u00fablico para la Administraci\u00f3n del Fondo de Sistema de Ahorro para el Retiro de los Trabajadores al Servicio del Gobierno del Estado de Veracruz, publicado en la Gaceta Oficial del Estado el tres de mayo de 1994 y modificado mediante Decreto de fecha dos de agosto de 2004, se establece que la Secretar\u00eda de Finanzas y Planeaci\u00f3n, por conducto de su titular, queda facultada para resolver los casos de excepci\u00f3n de aquellos fideicomisos que por cumplir actualmente con actividades prioritarias de inter\u00e9s p\u00fablicos deben continuar con sus actividades.<\/p>\n\n\n\n<p>En el oficio enviado al gobernador de Veracruz, el dirigente magisterial indica que los recursos del SAR constituyen una prestaci\u00f3n laboral que tiene vigencia de 26 a\u00f1os y que no se pueden destinar a otro rubro, pues se trata de un derecho adquirido por los trabajadores.<\/p>\n\n\n\n<p>El Decreto de 1994 y modificado en 2004 otorga los beneficios del SAR a los trabajadores de los tres Poderes del Estado, as\u00ed como de los organismos p\u00fablicos descentralizados, fideicomisos estatales y empresas de participaci\u00f3n estatal.<\/p>\n\n\n\n<p>En el documento, el secretario general del SDTEV recuerda que por ordenamiento legal, la Secretaria de Finanzas y Planeaci\u00f3n tambi\u00e9n queda facultada para resolver las excepciones a lo previsto en el Decreto en consulta con la Contralor\u00eda General del Estado.<\/p>\n\n\n\n<p>Por \u00faltimo manifiesta que \u201clos trabajadores del gobierno del Estado de Veracruz tenemos derecho de un fondo de retiro denominado Sistema de Ahorro para el Retiro por sus siglas SAR, prestaci\u00f3n amparada y regulada por la Ley del Seguro Social para beneficio en caso de jubilaci\u00f3n o accidente en busca de amparar y asegurar financieramente es un trabajador que ya no se encuentra en capacidad de realizar un empleo\u201d.<\/p>\n\n\n\n<p><\/p>\n","protected":false},"excerpt":{"rendered":"<p>Dar\u00edo Pale Xalapa, Ver.- Mediante un oficio solicitan al gobernador Cuitl\u00e1huac Garc\u00eda Jim\u00e9nez que intervenga y d\u00e9 instrucciones al secretario de Finanzas y Planeaci\u00f3n, Jos\u00e9 Luis Lima, para que el Fideicomiso del Fondo del Sistema de Ahorro para el Retiro (SAR) de los trabajadores al servicio del gobierno no se extinga. Oswaldo Daniel Ahumada Aguirre, [&hellip;]<\/p>\n","protected":false},"author":1,"featured_media":2281,"comment_status":"open","ping_status":"open","sticky":false,"template":"","format":"standard","meta":{"_jetpack_memberships_contains_paid_content":false,"footnotes":""},"categories":[2],"tags":[],"class_list":["post-2280","post","type-post","status-publish","format-standard","has-post-thumbnail","hentry","category-estado"],"jetpack_featured_media_url":"https:\/\/encuentroinformativo.com.mx\/wp-content\/uploads\/2020\/05\/7BBA6EB0-C8E7-4DE3-94A8-997DCA675B2E.jpeg","jetpack_sharing_enabled":true,"jetpack_likes_enabled":true,"amp_enabled":true,"_links":{"self":[{"href":"https:\/\/encuentroinformativo.com.mx\/index.php?rest_route=\/wp\/v2\/posts\/2280","targetHints":{"allow":["GET"]}}],"collection":[{"href":"https:\/\/encuentroinformativo.com.mx\/index.php?rest_route=\/wp\/v2\/posts"}],"about":[{"href":"https:\/\/encuentroinformativo.com.mx\/index.php?rest_route=\/wp\/v2\/types\/post"}],"author":[{"embeddable":true,"href":"https:\/\/encuentroinformativo.com.mx\/index.php?rest_route=\/wp\/v2\/users\/1"}],"replies":[{"embeddable":true,"href":"https:\/\/encuentroinformativo.com.mx\/index.php?rest_route=%2Fwp%2Fv2%2Fcomments&post=2280"}],"version-history":[{"count":1,"href":"https:\/\/encuentroinformativo.com.mx\/index.php?rest_route=\/wp\/v2\/posts\/2280\/revisions"}],"predecessor-version":[{"id":2282,"href":"https:\/\/encuentroinformativo.com.mx\/index.php?rest_route=\/wp\/v2\/posts\/2280\/revisions\/2282"}],"wp:featuredmedia":[{"embeddable":true,"href":"https:\/\/encuentroinformativo.com.mx\/index.php?rest_route=\/wp\/v2\/media\/2281"}],"wp:attachment":[{"href":"https:\/\/encuentroinformativo.com.mx\/index.php?rest_route=%2Fwp%2Fv2%2Fmedia&parent=2280"}],"wp:term":[{"taxonomy":"category","embeddable":true,"href":"https:\/\/encuentroinformativo.com.mx\/index.php?rest_route=%2Fwp%2Fv2%2Fcategories&post=2280"},{"taxonomy":"post_tag","embeddable":true,"href":"https:\/\/encuentroinformativo.com.mx\/index.php?rest_route=%2Fwp%2Fv2%2Ftags&post=2280"}],"curies":[{"name":"wp","href":"https:\/\/api.w.org\/{rel}","templated":true}]}}