{"id":22801,"date":"2022-01-27T13:17:39","date_gmt":"2022-01-27T19:17:39","guid":{"rendered":"https:\/\/encuentroinformativo.com.mx\/?p=22801"},"modified":"2022-01-27T13:17:43","modified_gmt":"2022-01-27T19:17:43","slug":"niega-padre-de-familia-presunta-sustraccion-de-menor","status":"publish","type":"post","link":"https:\/\/encuentroinformativo.com.mx\/?p=22801","title":{"rendered":"Niega padre de familia presunta sustracci\u00f3n de menor"},"content":{"rendered":"\n<p><strong>Dar\u00edo Pale <\/strong><\/p>\n\n\n\n<p>Xalapa, Ver.- Ulises Acosta Huerta padre de familia que acusaron de haberse llevado a su menor hijo de 5 a\u00f1os dio a conocer que el lo tiene a su cargo y jam\u00e1s lo &#8220;secuestro&#8221;, como lo dijera la mam\u00e1 Danelli Cort\u00e9s en una manifestaci\u00f3n realizada el pasado lunes en el centro de la ciudad, porque si le permite hablar y ver al ni\u00f1o, pero no dejara que viva con ella.<\/p>\n\n\n\n<p>Entrevistado en los pasillos de conocido caf\u00e9 del centro de Xalapa se\u00f1al\u00f3 que, \u201ctodo lo que dijeron de mi es falso, nunca sustraje a mi hijo del domicilio de su mam\u00e1, no lo tengo secuestrado, ellos hablaron varias veces v\u00eda tel\u00e9fonica con \u00e9l, de hecho Danelli finge cosas que el ni\u00f1o tiene, la mam\u00e1 dice que mi mam\u00e1 le pega eso es totalmente falso\u201d.<\/p>\n\n\n\n<p>Dio a conocer que ante un juez de lo familiar inici\u00f3 los tramites para quedarse con la patria potestad del menor de edad, pero previamente en octubre del 2021 cuando se separaron como pareja, firmaron un acuerdo ante la autoridad municipal de Emiliano Zapata.<\/p>\n\n\n\n<p>\u201cYo estoy esperando que salga el tr\u00e1mite, no le he dicho que no puede ver al ni\u00f1o, ella d\u00f3nde es\u00e1 el ni\u00f1o. Pero el fin de semana recib\u00ed muchas llamadas del pap\u00e1 de ella d\u00f3nde me amenazan, me insultan, yo nunca los he amenazado, y la verdad tengo miedo\u201d, afirm\u00f3.<\/p>\n\n\n\n<p>Se\u00f1al\u00f3 que se qued\u00f3 con el ni\u00f1o de nombre Eitan, porque la madre tiene 5 gatos en su casa y el menor padece alergia a los animales, adem\u00e1s de que en agosto del 2021 los an\u00e1lisis de laboratorio reflejaron que padece anemia por la falta de una buena alimentaci\u00f3n.<\/p>\n\n\n\n<p>\u201cTengo una llamada grabada de ella que acepta que no le da las medicinas, ella es campesina trabaja en los chayotes, entonces el ni\u00f1o se lo deja encargado a su hermana, el ni\u00f1o se queda en casa de su cu\u00f1ado, nunca se lo he querido, pero la doctora me dijo que se le puede volver leucemia la anemia, yo no lo secuestr\u00e9, me lo llev\u00e9, lo protejo\u201d, acus\u00f3.<\/p>\n\n\n\n<p>Coment\u00f3 que cualquier cosa que le pueda suceder a \u00e9l o a su familia culpa a la familia de su esposa al igual que ella y al supuesto abogado de nombre Carlos Navarrete quien lo fue a visitar a su domicilio para amenazarlo.<\/p>\n\n\n\n<p>Finalmente cabe recordar que la madre de familia Danelli Cort\u00e9s Filobello, y su padre, Alfredo Cort\u00e9s Conde con domicilio en el municipio de Emiliano Zapata se manifestaron afuera de palacio de gobierno para denunciar que la abuela paterna \u00a0Aidee Vel\u00e1zquez acudi\u00f3 al domicilio hace 10 d\u00edas y se llev\u00f3 al ni\u00f1o con enga\u00f1os de que lo llevar\u00eda a pasear, pero no lo ha devuelto.<\/p>\n","protected":false},"excerpt":{"rendered":"<p>Dar\u00edo Pale Xalapa, Ver.- Ulises Acosta Huerta padre de familia que acusaron de haberse llevado a su menor hijo de 5 a\u00f1os dio a conocer que el lo tiene a su cargo y jam\u00e1s lo &#8220;secuestro&#8221;, como lo dijera la mam\u00e1 Danelli Cort\u00e9s en una manifestaci\u00f3n realizada el pasado lunes en el centro de la [&hellip;]<\/p>\n","protected":false},"author":1,"featured_media":22802,"comment_status":"open","ping_status":"open","sticky":false,"template":"","format":"standard","meta":{"_jetpack_memberships_contains_paid_content":false,"footnotes":""},"categories":[3],"tags":[],"class_list":["post-22801","post","type-post","status-publish","format-standard","has-post-thumbnail","hentry","category-xalapa"],"jetpack_featured_media_url":"https:\/\/encuentroinformativo.com.mx\/wp-content\/uploads\/2022\/01\/2622C7BA-10FA-4697-91BA-788AEDF23ABB.jpeg","jetpack_sharing_enabled":true,"jetpack_likes_enabled":true,"amp_enabled":true,"_links":{"self":[{"href":"https:\/\/encuentroinformativo.com.mx\/index.php?rest_route=\/wp\/v2\/posts\/22801","targetHints":{"allow":["GET"]}}],"collection":[{"href":"https:\/\/encuentroinformativo.com.mx\/index.php?rest_route=\/wp\/v2\/posts"}],"about":[{"href":"https:\/\/encuentroinformativo.com.mx\/index.php?rest_route=\/wp\/v2\/types\/post"}],"author":[{"embeddable":true,"href":"https:\/\/encuentroinformativo.com.mx\/index.php?rest_route=\/wp\/v2\/users\/1"}],"replies":[{"embeddable":true,"href":"https:\/\/encuentroinformativo.com.mx\/index.php?rest_route=%2Fwp%2Fv2%2Fcomments&post=22801"}],"version-history":[{"count":1,"href":"https:\/\/encuentroinformativo.com.mx\/index.php?rest_route=\/wp\/v2\/posts\/22801\/revisions"}],"predecessor-version":[{"id":22803,"href":"https:\/\/encuentroinformativo.com.mx\/index.php?rest_route=\/wp\/v2\/posts\/22801\/revisions\/22803"}],"wp:featuredmedia":[{"embeddable":true,"href":"https:\/\/encuentroinformativo.com.mx\/index.php?rest_route=\/wp\/v2\/media\/22802"}],"wp:attachment":[{"href":"https:\/\/encuentroinformativo.com.mx\/index.php?rest_route=%2Fwp%2Fv2%2Fmedia&parent=22801"}],"wp:term":[{"taxonomy":"category","embeddable":true,"href":"https:\/\/encuentroinformativo.com.mx\/index.php?rest_route=%2Fwp%2Fv2%2Fcategories&post=22801"},{"taxonomy":"post_tag","embeddable":true,"href":"https:\/\/encuentroinformativo.com.mx\/index.php?rest_route=%2Fwp%2Fv2%2Ftags&post=22801"}],"curies":[{"name":"wp","href":"https:\/\/api.w.org\/{rel}","templated":true}]}}