{"id":22804,"date":"2022-01-27T13:35:22","date_gmt":"2022-01-27T19:35:22","guid":{"rendered":"https:\/\/encuentroinformativo.com.mx\/?p=22804"},"modified":"2022-01-27T15:10:53","modified_gmt":"2022-01-27T21:10:53","slug":"atendio-ceapp-93-agresiones-contra-periodistas","status":"publish","type":"post","link":"https:\/\/encuentroinformativo.com.mx\/?p=22804","title":{"rendered":"Atendi\u00f3 CEAPP 93 agresiones contra periodistas"},"content":{"rendered":"\n<p><strong>Dar\u00edo Pale <\/strong><\/p>\n\n\n\n<p>Xalapa, Ver.- Silverio Quevedo Elox presidente de la Comisi\u00f3n Estatal de Atenci\u00f3n y Protecci\u00f3n a Periodistas (CEAPP), atendi\u00f3 93 agresiones contra comunicadores en 2021, m\u00e1s de la mitad correspondieron a amenazas y agresiones f\u00edsicas, iniciaron 79 carpetas que se dividen en 56 de tipo penal, 8 administrativo, 6 laboral, 3 de derechos humanos, 3 electoral y 3 en materia civil.<\/p>\n\n\n\n<p>Durante la comparecencia ante los diputados en el Congreso del Estado dio a conocer que, atendi\u00f3 un total de 196 expedientes y realiz\u00f3 494 acciones consistentes en la implementaci\u00f3n de medidas de atenci\u00f3n, preventivas y de protecci\u00f3n, as\u00ed como apoyos por concepto de ayuda social.<\/p>\n\n\n\n<p>Dio a conocer que con relaci\u00f3n al 2020, hubo un 22 por ciento m\u00e1s de atenciones en el a\u00f1o que se informa, as\u00ed como 38 por ciento m\u00e1s en las acciones o medidas de atenci\u00f3n, preventivas y de protecci\u00f3n dictadas en favor de los comunicadores.<\/p>\n\n\n\n<p>Respecto al procedimiento de protecci\u00f3n, el cual se inicia cuando el equipo de la Secretar\u00eda Ejecutiva identifica y califica el caso como de \u201calto riesgo\u201d, se abrieron en 2021 un total de 11 expedientes, de los cuales 8 ordinarios y 3 extraordinarios o urgentes.<\/p>\n\n\n\n<p>Adicionalmente, durante este periodo tambi\u00e9n atendieron 9 expedientes de protecci\u00f3n iniciados en a\u00f1os anteriores, en los que se determin\u00f3 revocar, modificar o mantener las medidas de protecci\u00f3n, seg\u00fan la gravedad del caso.<\/p>\n\n\n\n<p>En materia preventiva, indic\u00f3 que las medidas superan cinco veces a las de protecci\u00f3n y obtuvieron una tasa adicional del 22 por ciento de comunicadores con medidas de este tipo.<\/p>\n\n\n\n<p>Durante el a\u00f1o pasado incorporaron a 50 periodistas al Programa Preventivo y de Seguridad, adem\u00e1s dieron seguimiento a 14 expedientes de comunicadores beneficiarios de dicho procedimiento, cuya finalidad en todos estos casos, es otorgar medidas id\u00f3neas de prevenci\u00f3n y protecci\u00f3n que coadyuven a garantizar la integridad de los periodistas por una posible materializaci\u00f3n de agresi\u00f3n.<\/p>\n\n\n\n<p>El funcionario puntualiz\u00f3 que dictaron 121 medidas se implementaron en colaboraci\u00f3n con la Secretar\u00eda de Seguridad P\u00fablica, as\u00ed como con polic\u00edas municipales, en t\u00e9rminos del art\u00edculo 25 de ley de la materia, dentro de los cuales se encuentran enlaces, rondines, vigilancia y\/o hasta escoltas.<\/p>\n\n\n\n<p>Asimismo, 138 medidas tecnol\u00f3gicas consistentes en asesor\u00edas y mantenimientos tecnol\u00f3gicos, as\u00ed como en la entrega o instalaci\u00f3n de diversos equipos que permitan fortalecer su esquema vigente.<\/p>\n\n\n\n<p>Un ejemplo de ellos son los sistemas de videovigilancia, sistemas GPS, c\u00e1maras personales y para veh\u00edculo, entre otros, espec\u00edficamente, fueron 109 equipos otorgados en el 2021, el resto fueron trabajos de mantenimiento.<\/p>\n\n\n\n<p>A\u00f1adi\u00f3 que tambi\u00e9n dictaron 50 medidas de asistencia legal, 51 medidas otorgadas por concepto de diversos apoyos econ\u00f3micos para traslados de periodistas a efecto de presentar denuncias y atender tr\u00e1mites administrativos, de car\u00e1cter ministerial y judicial en su caso, as\u00ed como 15 medidas que se otorgan por concepto de reubicaciones, apoyos por manutenci\u00f3n, para implementar alguna medida de seguridad o protecci\u00f3n, o en su caso reforzamientos de infraestructura de seguridad, entre otros.<\/p>\n\n\n\n<p>Quevedo Elox destac\u00f3 que la Comisi\u00f3n ha considerado particularmente importante respaldar a los periodistas para que puedan interponer sus recursos legales, pues s\u00f3lo pueden dar seguimiento a delitos cuando \u00e9stos se denuncian, requiriendo para ello constantes traslados desde sus municipios de origen.<\/p>\n\n\n\n<p>Al respecto, detall\u00f3 que iniciaron 79 carpetas internas en 2021, casi un 8 por ciento m\u00e1s que en el 2020, derivado de las solicitudes recibidas.<\/p>\n\n\n\n<p>De las carpetas iniciadas, atendieron a 88 periodistas, las 79 carpetas se dividen en 56 de tipo penal, 8 administrativo, 6 laboral, 3 de derechos humanos, 3 electoral y 3 en materia civil.<\/p>\n\n\n\n<p>Asimismo, acompa\u00f1aron a comunicadores para la presentaci\u00f3n de 50 denuncias o querellas, 20 asesor\u00edas jur\u00eddicas, 19 quejas, 1 contestaci\u00f3n de demanda y 1 demanda.<br>De las denuncias realizadas, 10 fueron &nbsp;ante las fiscal\u00edas Especializadas en Delitos Electorales y en Delitos Contra la Libertad de Expresi\u00f3n con residencia en Xalapa y Tuxpan; 2 ante la Fiscal\u00eda Especializada en Investigaci\u00f3n de Delitos de Violencia Contra la Familia, Mujeres, Ni\u00f1as y Ni\u00f1os y de Trata de Personas, con residencia en Xalapa y 2 ante la Fiscal\u00eda Especial para la Atenci\u00f3n de Delitos cometidos contra la Libertad de Expresi\u00f3n (FEADLE) de la Fiscal\u00eda General de la Rep\u00fablica con sede en la Ciudad de M\u00e9xico.<\/p>\n\n\n\n<p>Finalmente dio a conocer que, presentaron 7 quejas ante la Comisi\u00f3n Estatal de Derechos Humanos, 7 ante la direcci\u00f3n general de Asuntos Internos de la SSP, 1 ante la Comisi\u00f3n Nacional de Derechos Humanos, 1 ante el \u00d3rgano Interno de Control del Organismo P\u00fablico Local Electoral y 1 contra el Instituto de la Polic\u00eda Auxiliar y Protecci\u00f3n Patrimonial del Estado de Veracruz.<\/p>\n","protected":false},"excerpt":{"rendered":"<p>Dar\u00edo Pale Xalapa, Ver.- Silverio Quevedo Elox presidente de la Comisi\u00f3n Estatal de Atenci\u00f3n y Protecci\u00f3n a Periodistas (CEAPP), atendi\u00f3 93 agresiones contra comunicadores en 2021, m\u00e1s de la mitad correspondieron a amenazas y agresiones f\u00edsicas, iniciaron 79 carpetas que se dividen en 56 de tipo penal, 8 administrativo, 6 laboral, 3 de derechos humanos, [&hellip;]<\/p>\n","protected":false},"author":1,"featured_media":22819,"comment_status":"open","ping_status":"open","sticky":false,"template":"","format":"standard","meta":{"_jetpack_memberships_contains_paid_content":false,"footnotes":""},"categories":[3],"tags":[],"class_list":["post-22804","post","type-post","status-publish","format-standard","has-post-thumbnail","hentry","category-xalapa"],"jetpack_featured_media_url":"https:\/\/encuentroinformativo.com.mx\/wp-content\/uploads\/2022\/01\/FDFF7381-0B89-4F1C-A97E-4E2240F0E209-scaled.jpeg","jetpack_sharing_enabled":true,"jetpack_likes_enabled":true,"amp_enabled":true,"_links":{"self":[{"href":"https:\/\/encuentroinformativo.com.mx\/index.php?rest_route=\/wp\/v2\/posts\/22804","targetHints":{"allow":["GET"]}}],"collection":[{"href":"https:\/\/encuentroinformativo.com.mx\/index.php?rest_route=\/wp\/v2\/posts"}],"about":[{"href":"https:\/\/encuentroinformativo.com.mx\/index.php?rest_route=\/wp\/v2\/types\/post"}],"author":[{"embeddable":true,"href":"https:\/\/encuentroinformativo.com.mx\/index.php?rest_route=\/wp\/v2\/users\/1"}],"replies":[{"embeddable":true,"href":"https:\/\/encuentroinformativo.com.mx\/index.php?rest_route=%2Fwp%2Fv2%2Fcomments&post=22804"}],"version-history":[{"count":2,"href":"https:\/\/encuentroinformativo.com.mx\/index.php?rest_route=\/wp\/v2\/posts\/22804\/revisions"}],"predecessor-version":[{"id":22820,"href":"https:\/\/encuentroinformativo.com.mx\/index.php?rest_route=\/wp\/v2\/posts\/22804\/revisions\/22820"}],"wp:featuredmedia":[{"embeddable":true,"href":"https:\/\/encuentroinformativo.com.mx\/index.php?rest_route=\/wp\/v2\/media\/22819"}],"wp:attachment":[{"href":"https:\/\/encuentroinformativo.com.mx\/index.php?rest_route=%2Fwp%2Fv2%2Fmedia&parent=22804"}],"wp:term":[{"taxonomy":"category","embeddable":true,"href":"https:\/\/encuentroinformativo.com.mx\/index.php?rest_route=%2Fwp%2Fv2%2Fcategories&post=22804"},{"taxonomy":"post_tag","embeddable":true,"href":"https:\/\/encuentroinformativo.com.mx\/index.php?rest_route=%2Fwp%2Fv2%2Ftags&post=22804"}],"curies":[{"name":"wp","href":"https:\/\/api.w.org\/{rel}","templated":true}]}}