{"id":22807,"date":"2022-01-27T13:49:33","date_gmt":"2022-01-27T19:49:33","guid":{"rendered":"https:\/\/encuentroinformativo.com.mx\/?p=22807"},"modified":"2022-01-27T13:49:38","modified_gmt":"2022-01-27T19:49:38","slug":"multan-a-conductores-de-transporte-publico-por-no-traer-cubrebocas","status":"publish","type":"post","link":"https:\/\/encuentroinformativo.com.mx\/?p=22807","title":{"rendered":"Multan a conductores de transporte p\u00fablico por no traer cubrebocas"},"content":{"rendered":"\n<p><strong>Alejandro \u00c1vila<\/strong><\/p>\n\n\n\n<p>Boca del R\u00edo, Ver. &#8211; Un total de 150 conductores de transporte p\u00fablico han sido multados en el inicio del 2022 por no contar con cubrebocas, como lo solicit\u00f3 la Secretar\u00eda de Salud Estatal.<\/p>\n\n\n\n<p>\u00c1ngel Carsolio Hern\u00e1ndez, delegado de Transporte P\u00fablico en la zona conurbada Veracruz &#8211; Boca del R\u00edo, puntualiz\u00f3 que, desde la solicitud del Gobierno del Estado para que los transportistas cumplan con el uso de cubrebocas, se han incrementado los operativos y las sanciones.<\/p>\n\n\n\n<p>El funcionario Estatal reconoci\u00f3 que, debido al relajamiento en las medidas sanitarias, aument\u00f3 el n\u00famero de conductores sancionados.<\/p>\n\n\n\n<p>Carsolio Hern\u00e1ndez, expuso que las sanciones son administrativas en un inicio, y asumen un cargo de 2 d\u00edas de salarios m\u00ednimos por infracci\u00f3n.<\/p>\n\n\n\n<p>Finalmente, dijo que no ha encontrado resistencia a una sanci\u00f3n entre los conductores de transporte p\u00fablico, pues coment\u00f3 los choferes han reconocido su error, y respaldan las medidas, ante el alto n\u00famero de contagios por la cuarta ola de COVID-19.<\/p>\n","protected":false},"excerpt":{"rendered":"<p>Alejandro \u00c1vila Boca del R\u00edo, Ver. &#8211; Un total de 150 conductores de transporte p\u00fablico han sido multados en el inicio del 2022 por no contar con cubrebocas, como lo solicit\u00f3 la Secretar\u00eda de Salud Estatal. \u00c1ngel Carsolio Hern\u00e1ndez, delegado de Transporte P\u00fablico en la zona conurbada Veracruz &#8211; Boca del R\u00edo, puntualiz\u00f3 que, desde [&hellip;]<\/p>\n","protected":false},"author":1,"featured_media":22808,"comment_status":"open","ping_status":"open","sticky":false,"template":"","format":"standard","meta":{"_jetpack_memberships_contains_paid_content":false,"footnotes":""},"categories":[2],"tags":[],"class_list":["post-22807","post","type-post","status-publish","format-standard","has-post-thumbnail","hentry","category-estado"],"jetpack_featured_media_url":"https:\/\/encuentroinformativo.com.mx\/wp-content\/uploads\/2022\/01\/0AB9B678-759E-4A15-B10B-3A91D4D06340.jpeg","jetpack_sharing_enabled":true,"jetpack_likes_enabled":true,"amp_enabled":true,"_links":{"self":[{"href":"https:\/\/encuentroinformativo.com.mx\/index.php?rest_route=\/wp\/v2\/posts\/22807","targetHints":{"allow":["GET"]}}],"collection":[{"href":"https:\/\/encuentroinformativo.com.mx\/index.php?rest_route=\/wp\/v2\/posts"}],"about":[{"href":"https:\/\/encuentroinformativo.com.mx\/index.php?rest_route=\/wp\/v2\/types\/post"}],"author":[{"embeddable":true,"href":"https:\/\/encuentroinformativo.com.mx\/index.php?rest_route=\/wp\/v2\/users\/1"}],"replies":[{"embeddable":true,"href":"https:\/\/encuentroinformativo.com.mx\/index.php?rest_route=%2Fwp%2Fv2%2Fcomments&post=22807"}],"version-history":[{"count":1,"href":"https:\/\/encuentroinformativo.com.mx\/index.php?rest_route=\/wp\/v2\/posts\/22807\/revisions"}],"predecessor-version":[{"id":22809,"href":"https:\/\/encuentroinformativo.com.mx\/index.php?rest_route=\/wp\/v2\/posts\/22807\/revisions\/22809"}],"wp:featuredmedia":[{"embeddable":true,"href":"https:\/\/encuentroinformativo.com.mx\/index.php?rest_route=\/wp\/v2\/media\/22808"}],"wp:attachment":[{"href":"https:\/\/encuentroinformativo.com.mx\/index.php?rest_route=%2Fwp%2Fv2%2Fmedia&parent=22807"}],"wp:term":[{"taxonomy":"category","embeddable":true,"href":"https:\/\/encuentroinformativo.com.mx\/index.php?rest_route=%2Fwp%2Fv2%2Fcategories&post=22807"},{"taxonomy":"post_tag","embeddable":true,"href":"https:\/\/encuentroinformativo.com.mx\/index.php?rest_route=%2Fwp%2Fv2%2Ftags&post=22807"}],"curies":[{"name":"wp","href":"https:\/\/api.w.org\/{rel}","templated":true}]}}