{"id":22810,"date":"2022-01-27T14:20:54","date_gmt":"2022-01-27T20:20:54","guid":{"rendered":"https:\/\/encuentroinformativo.com.mx\/?p=22810"},"modified":"2022-01-27T14:20:59","modified_gmt":"2022-01-27T20:20:59","slug":"disminuyeron-secuestros-en-80-afirmo-gobernador","status":"publish","type":"post","link":"https:\/\/encuentroinformativo.com.mx\/?p=22810","title":{"rendered":"Disminuyeron secuestros en 80%, afirm\u00f3 Gobernador"},"content":{"rendered":"\n<p><strong>Juan Arcos <\/strong><\/p>\n\n\n\n<p>Xalapa, Ver.- En el estado de Veracruz disminuyeron 80 por ciento los secuestros, seg\u00fan el balance de resultados en materia de seguridad durante el inicio de este 2022.disminuyeron 80 por ciento los secuestros, seg\u00fan el balance de resultados en materia de seguridad durante el inicio de este 2022.<\/p>\n\n\n\n<p>As\u00ed lo dio a conocer el gobernador Cuitl\u00e1huac Garc\u00eda Jim\u00e9nez, en su visita al municipio de Coatepec, para la entrega de tarjetas de la pensi\u00f3n para el bienestar de las personas adultas mayores.<\/p>\n\n\n\n<p>El entrevistado coment\u00f3 que, este jueves 27 de enero, la titular de la Fiscal\u00eda General del Estado (FGE), Ver\u00f3nica Hern\u00e1ndez Giad\u00e1ns, dio a conocer las cifras correspondientes que se han logrado.<\/p>\n\n\n\n<p>\u201cDe la administraci\u00f3n de Jorge Winckler (exfiscal general) comparada con la administraci\u00f3n de ella, a trav\u00e9s de la unidad especialidad en combate al secuestro, se tiene una reducci\u00f3n del 80 por ciento en el delito de secuestro\u201d, expres\u00f3.<\/p>\n\n\n\n<p>El mandatario estatal se\u00f1al\u00f3 que en el periodo del anterior fiscal general de Veracruz, Jorge Winckler Ortiz, -en los dos a\u00f1os del gobierno de Miguel \u00c1ngel Yunes Linares y en el primero de esta administraci\u00f3n morenista- el delito de secuestro aument\u00f3 m\u00e1s de 70 por ciento.<\/p>\n\n\n\n<p>Garc\u00eda Jim\u00e9nez record\u00f3 que en el a\u00f1o 2019 este delito se dispar\u00f3 a m\u00e1s de 290 casos y actualmente la cifra ha disminuido, de manera considerable.<\/p>\n\n\n\n<p>Lo anterior, sostuvo, debido a que el fiscal Jorge Winckler fue omiso en sus funciones y hasta ocult\u00f3 las carpetas de investigaci\u00f3n que exist\u00edan por el delito de secuestro.<\/p>\n\n\n\n<p>\u201cSe criticaba a Veracruz por el secuestro pero no se dec\u00eda la raz\u00f3n, que el fiscal Jorge Winckler se estaba haciendo pato, ocultaba las carpetas de investigaci\u00f3n y su unidad de combate al secuestro no hac\u00eda gran cosa. Ahora con la fiscal Ver\u00f3nica Hern\u00e1ndez Giad\u00e1ns es diferente\u201d, a\u00f1adi\u00f3.<\/p>\n\n\n\n<p><strong>DEFIENDE A AMLO\u00a0<\/strong><\/p>\n\n\n\n<p>Por otra parte, en su discurso sobre la entrega de tarjetas, el titular del Poder Ejecutivo en Veracruz defendi\u00f3 la gesti\u00f3n del presidente Andr\u00e9s Manuel L\u00f3pez Obrador.<\/p>\n\n\n\n<p>Cuitl\u00e1huac Garc\u00eda consider\u00f3 que se trata de uno de los mejores mandatarios federales que ha tenido M\u00e9xico y Am\u00e9rica Latina, y por ese motivo no permitir\u00e1 que sea separado del cargo.<\/p>\n\n\n\n<p>\u201cQuieren poner en cuestionamiento al Presidente de la Rep\u00fablica y no lo vamos a permitir, quieren quitarnos al presidente, que es uno de los mejores que ha tenido M\u00e9xico y Am\u00e9rica Latina, por eso lo queremos mucho y por eso el Gobierno del estado est\u00e1 con \u00e9l\u201d, enfatiz\u00f3 frente a cientos de beneficiarios adultos mayores.<\/p>\n\n\n\n<p>El Gobernador de Veracruz presumi\u00f3 que L\u00f3pez Obrador ha cumplido el 90 por ciento de sus promesas de campa\u00f1a y, pese a ello, hay quienes buscan desprestigiarlo.<\/p>\n\n\n\n<p>Agreg\u00f3 que que se destinan a la entidad m\u00e1s de 60 mil millones de pesos anuales en programas sociales, lo que corresponde a la mitad del presupuesto que actualmente tiene el estado.<\/p>\n\n\n\n<p>\u201cVamos a seguir aqu\u00ed en Veracruz en beneficio de la gente, vamos a estar unidos todos con el Presidente, con su gobierno, no va a haber forma de que nos dividan y de que nos quiten al Presidente, a quien queremos mucho. Amor con amor se paga\u201d, remat\u00f3.<\/p>\n","protected":false},"excerpt":{"rendered":"<p>Juan Arcos Xalapa, Ver.- En el estado de Veracruz disminuyeron 80 por ciento los secuestros, seg\u00fan el balance de resultados en materia de seguridad durante el inicio de este 2022.disminuyeron 80 por ciento los secuestros, seg\u00fan el balance de resultados en materia de seguridad durante el inicio de este 2022. As\u00ed lo dio a conocer [&hellip;]<\/p>\n","protected":false},"author":1,"featured_media":22811,"comment_status":"open","ping_status":"open","sticky":false,"template":"","format":"standard","meta":{"_jetpack_memberships_contains_paid_content":false,"footnotes":""},"categories":[2],"tags":[],"class_list":["post-22810","post","type-post","status-publish","format-standard","has-post-thumbnail","hentry","category-estado"],"jetpack_featured_media_url":"https:\/\/encuentroinformativo.com.mx\/wp-content\/uploads\/2022\/01\/BD352BA8-F39D-4052-BB78-272DFA7A3F77.jpeg","jetpack_sharing_enabled":true,"jetpack_likes_enabled":true,"amp_enabled":true,"_links":{"self":[{"href":"https:\/\/encuentroinformativo.com.mx\/index.php?rest_route=\/wp\/v2\/posts\/22810","targetHints":{"allow":["GET"]}}],"collection":[{"href":"https:\/\/encuentroinformativo.com.mx\/index.php?rest_route=\/wp\/v2\/posts"}],"about":[{"href":"https:\/\/encuentroinformativo.com.mx\/index.php?rest_route=\/wp\/v2\/types\/post"}],"author":[{"embeddable":true,"href":"https:\/\/encuentroinformativo.com.mx\/index.php?rest_route=\/wp\/v2\/users\/1"}],"replies":[{"embeddable":true,"href":"https:\/\/encuentroinformativo.com.mx\/index.php?rest_route=%2Fwp%2Fv2%2Fcomments&post=22810"}],"version-history":[{"count":1,"href":"https:\/\/encuentroinformativo.com.mx\/index.php?rest_route=\/wp\/v2\/posts\/22810\/revisions"}],"predecessor-version":[{"id":22812,"href":"https:\/\/encuentroinformativo.com.mx\/index.php?rest_route=\/wp\/v2\/posts\/22810\/revisions\/22812"}],"wp:featuredmedia":[{"embeddable":true,"href":"https:\/\/encuentroinformativo.com.mx\/index.php?rest_route=\/wp\/v2\/media\/22811"}],"wp:attachment":[{"href":"https:\/\/encuentroinformativo.com.mx\/index.php?rest_route=%2Fwp%2Fv2%2Fmedia&parent=22810"}],"wp:term":[{"taxonomy":"category","embeddable":true,"href":"https:\/\/encuentroinformativo.com.mx\/index.php?rest_route=%2Fwp%2Fv2%2Fcategories&post=22810"},{"taxonomy":"post_tag","embeddable":true,"href":"https:\/\/encuentroinformativo.com.mx\/index.php?rest_route=%2Fwp%2Fv2%2Ftags&post=22810"}],"curies":[{"name":"wp","href":"https:\/\/api.w.org\/{rel}","templated":true}]}}