{"id":22833,"date":"2022-01-28T09:16:50","date_gmt":"2022-01-28T15:16:50","guid":{"rendered":"https:\/\/encuentroinformativo.com.mx\/?p=22833"},"modified":"2022-01-28T09:16:54","modified_gmt":"2022-01-28T15:16:54","slug":"por-donde-le-busquen-dante-se-rajo-pos-no-que-enfrente-y-de-frente","status":"publish","type":"post","link":"https:\/\/encuentroinformativo.com.mx\/?p=22833","title":{"rendered":"POR DONDE LE BUSQUEN: DANTE SE RAJ\u00d3\u2026 \u00bfPOS NO QUE &#8220;ENFRENTE Y DE FRENTE&#8221;?"},"content":{"rendered":"\n<p><strong>ColumnaSinNombre<br>@pablojair<\/strong><\/p>\n\n\n\n<ul class=\"wp-block-list\"><li>Cuando el &#8220;joven&#8221; Dante fue desconocido por Salinas.<\/li><li>La \u00faltima jalada de los del Corredor Transoce\u00e1nico Patito.<\/li><li>En pie la visita de AMLO para inaugurar Bancos del Bienestar.<\/li><\/ul>\n\n\n\n<p>Y quedaron como payasos en la foto oficial de la Comisi\u00f3n\u2026<br>&#8211;Chopenjawer<\/p>\n\n\n\n<p>La salida de Dante Delgado de la Comisi\u00f3n &#8220;Patito&#8221; quesque para investigar abusos de autoridad en Veracruz, tiene una sola explicaci\u00f3n: se raj\u00f3.<\/p>\n\n\n\n<p>Si en verdad quer\u00eda continuarla ahora que se vende como &#8220;luchador social&#8221;, hubiese seguido adelante, poniendo el dedo en la llaga como un legislador de oposici\u00f3n\u2026 plurinominal, pero al fin opositor.<\/p>\n\n\n\n<p>Pero no: le ganaron los intereses finalmente y, como buen pol\u00edtico, se hizo a un lado.<\/p>\n\n\n\n<p>Dante se hizo nudo a s\u00ed mismo cuando sab\u00eda que estaba us\u00e1ndose al Senado para un golpeteo pol\u00edtico disfrazado de &#8220;estamos bien preocupados por las v\u00edctimas en Veracruz\u201d. Sab\u00eda que se estaba cometiendo una ilegalidad &#8211;al usarse recursos p\u00fablicos como la difusi\u00f3n de dicho grupo sin el aval del Senado de la Rep\u00fablica&#8211; pero el alvarade\u00f1o\/cordob\u00e9s no midi\u00f3 sus actos ni el de sus aliados. Les falt\u00f3 inteligencia.<\/p>\n\n\n\n<p>Algo pas\u00f3 que finalmente decidi\u00f3 bajarse del tren del mame y renunciar a la mentada Comisi\u00f3n en medio de la burla y desaprobaci\u00f3n hasta de sus paisanos.<\/p>\n\n\n\n<p>Pareciera que al final de cuentas no quiso afectar sus intereses, sus feudos.<\/p>\n\n\n\n<p>Hay otra hip\u00f3tesis: dicen que en realidad con todo lo perverso y maquiav\u00e9lico que es, s\u00f3lo busc\u00f3 empinar a Ricardo Monreal para que \u00e9ste se distanciara a\u00fan m\u00e1s del presidente Andr\u00e9s Manuel L\u00f3pez Obrador. As\u00ed Monreal se tragaba todo el cuento de la &#8220;lucha&#8221;, y al final lo dejaba solo, exhibido, en posici\u00f3n dec\u00fabito prono hacia Palacio Nacional. Se habr\u00eda negociado algo del inter\u00e9s de Dante.<\/p>\n\n\n\n<p>Hay versiones de que en esta negociaci\u00f3n estar\u00eda la liberaci\u00f3n de Jos\u00e9 Manuel &#8220;N&#8221;, su amigo y cercano colaborador detenido el 20 de diciembre en Cosamaloapan, se\u00f1alado de ser parte de un complot para asesinar a un candidato de Movimiento Ciudadano.<\/p>\n\n\n\n<p>Lo anterior se duda porque la Fiscal\u00eda General del Estado se estar\u00eda dando un balazo en el pie s\u00f3lo por negociaciones pol\u00edticas, m\u00e1s cuando el gobernador Cuitl\u00e1huac Garc\u00eda Jim\u00e9nez ha sido claro en que ya se acabaron esos acuerdos en lo oscurito.<\/p>\n\n\n\n<p>Y conociendo al &#8220;pelochas&#8221; de Dante c\u00f3mo es de soberbio, dif\u00edcilmente hubiese querido sentarse con el gobernador Cuitl\u00e1huac, porque no lo considera a su altura.<\/p>\n\n\n\n<p>Pero el fondo en este asunto, es la credibilidad perdida de Dante.<\/p>\n\n\n\n<p>Para tenerla &#8211;m\u00e1s all\u00e1 de sus arranques desp\u00f3ticos contra otros pol\u00edticos&#8211; Dante bien podr\u00eda haber mostrado que en verdad ten\u00eda una historia de lucha social al lado de la ciudadan\u00eda cuando las cosas estaban m\u00e1s de la gaver en Veracruz: en momentos \u00e1lgidos de violencia, cuando hab\u00eda enfrentamientos entre grupos del crimen organizado, era senador electo por Veracruz (su primera elecci\u00f3n ganada) en tiempos verdaderamente criminales en la entidad.<\/p>\n\n\n\n<p>Pero no\u2026 Dante call\u00f3, nad\u00f3 de muertito, se hizo el occiso, mientras vend\u2026 perd\u00f3n, &#8220;otorgaba&#8221; candidaturas de su partido por todo el pa\u00eds.<\/p>\n\n\n\n<p>A Dante no se le vio, por ejemplo, del lado de las familias de desaparecidos en la guerra encarnizada que hab\u00eda entre malandros. Tampoco se le vio haciendo marchas o exigiendo el cese de la corrupci\u00f3n en gobiernos anteriores. Sencillamente no se ve\u00eda ni se escuchaba al senador con la estridencia de los recientes d\u00edas.<\/p>\n\n\n\n<p>Ni para que diga que no ten\u00eda dinero para pagar espacios en medios: todo mundo sabe que Dante es millonario.<\/p>\n\n\n\n<p>Tampoco se trata de minimizarlo: Dante es el \u00fanico pol\u00edtico veracruzano que ha logrado fundar un partido nacional que le ha resultado redituable para poder vivir del erario desde cargos p\u00fablicos. En este sentido, se recuerda aquella frase que alguna vez le dijo al extinto ganadero Cirilo V\u00e1zquez Lagunes: &#8220;Ded\u00edcate a tus vacas; yo soy un pol\u00edtico profesional&#8221;.<\/p>\n\n\n\n<p>Es, junto a Miguel \u00c1ngel Yunes y Fidel Herrera (ya lo hemos comentado en este espacio antes) uno de los tres genios pol\u00edticos que ha dado Veracruz, y que si en alg\u00fan momento se hubiesen aliado, el estado ser\u00eda el m\u00e1s poderoso pol\u00edticamente en el pa\u00eds, incluso por encima de la Ciudad de M\u00e9xico.<\/p>\n\n\n\n<p>Pero no: cada quien trae sus ondas y sus intereses personales.<\/p>\n\n\n\n<p>Este mi\u00e9rcoles Dante sucumbi\u00f3. Sali\u00f3 de la Comisi\u00f3n &#8220;Patito&#8221; no sin antes lanzar arengas, frases demag\u00f3gicas, quejidos lastimeros, con el af\u00e1n de hacer creer que se iba por la puerta grande como un gladiador.<\/p>\n\n\n\n<p>Pero no\u2026 sali\u00f3 con la cola entre las patas, derrotado, humillado y en medio de burlas.<\/p>\n\n\n\n<p>Y no hace mucho andaba envalentonado, engallado, gritando a los cuatro vientos el 22 de diciembre: &#8220;Desde Movimiento Ciudadano alzamos en\u00e9rgicamente la voz para exigir la inmediata liberaci\u00f3n de Juan Manuel del R\u00edo Virgen, preso pol\u00edtico del morenista Cuitl\u00e1huac Garc\u00eda. Ante el abuso de autoridad, el gobernador de Veracruz me va tener enfrente y de frente&#8221;\u2026 \u00bfTon&#8217;s qu\u00e9 pas\u00f3?<\/p>\n\n\n\n<p>Bien dice el buen Pepe Ortiz: \u201cAsi es de contradictorio Dante\u2026 Es el Chimultrufio de la pol\u00edtica\u201d.<\/p>\n\n\n\n<p>Por donde se le vea, Dante se raj\u00f3. No hay que buscarle m\u00e1s.<\/p>\n\n\n\n<p>Ah, y otro que le baj\u00f3 de yemas fue Monreal. Este viernes se decide su futuro pol\u00edtico, aunque hay quienes dicen que ya apesta a cad\u00e1ver pol\u00edtico por sus confrontaciones con el presidente.<\/p>\n\n\n\n<p>En otros tiempos ya lo hubiesen mandado de embajador a Bolivia, pero como Evo es aliado, en una de esas lo mandan de c\u00f3nsul a Tonga para que mande reportes de las erupciones volc\u00e1nicas en esa parte del mundo.<\/p>\n\n\n\n<p>Al cierre de esta columna, la noticia desde el Senado es que finalmente qued\u00f3 extinguida la Comisi\u00f3n \u201cPatito\u201d que Dante y Monreal hab\u00edan creado juntos\u2026 Y as\u00ed pasaron a convertirse de legisladores a simples payasos.<\/p>\n\n\n\n<p><strong>NOTA PARA PEGAR EN EL REFRI:<\/strong> Por cierto que existe una an\u00e9cdota muy curiosa sobre Dante como gobernador sustituto y Carlos Salinas de Gortari como presidente\u2026 Resulta que Salinas le hab\u00eda dicho a Don Fernando Guti\u00e9rrez Barrios que \u00e9l pusiera a su reemplazo como titular del Poder Ejecutivo en Veracruz (&#8220;El Hombre Leyenda&#8221; hab\u00eda pedido licencia para incorporarse al gabinete federal como secretario de Gobernaci\u00f3n), y Don Fernando dijo que su propuesta era Dante Delgado, su secretario de Gobierno, a quien calific\u00f3 como un joven brillante de la pol\u00edtica (en ese entonces, Dante tendr\u00eda 38 a\u00f1os)\u2026 Lo curioso fue que cuando Dante fue a ver a Salinas a su despacho presidencial, le marc\u00f3 a Don Fernando para decirle: &#8220;Oiga, usted me dijo que su sustituto era un joven brillante, pero aqu\u00ed tengo en la antesala a un viejito pel\u00f3n&#8221;\u2026 Lo que no sab\u00eda el &#8220;innombrable&#8221; es que Dante padec\u00eda de calvicie y canas prematuras, por lo que su aspecto era el de un hombre mayor.<\/p>\n\n\n\n<p><strong>OTRA NOTA<\/strong><em>: <\/em>Que seg\u00fan un documento que andan enviando a quienes ya les reclaman por el fraude de la obra fantasma del &#8220;Proyecto Milenio Interoce\u00e1nico&#8221;, los defraudadores se andan justificando diciendo que debido a las fechas navide\u00f1as y a los problemas de salud del presidente Andr\u00e9s Manuel L\u00f3pez Obrador, se ha pospuesto la reuni\u00f3n con el mandatario nacional para dar arranque a las &#8220;obras&#8221;\u2026 Pobrecitos incautos.<\/p>\n\n\n\n<p><strong>LA \u00daLTIMA PORQUE ATOLITO CON PAN PA&#8217;L FR\u00cdO: E<\/strong>l gobernador Cuitl\u00e1huac Garc\u00eda Jim\u00e9nez adelant\u00f3 que, en menos de un mes, hay la posibilidad de que el presidente de M\u00e9xico, Andr\u00e9s Manuel L\u00f3pez Obrador, acuda a dar el banderazo de inicio de los cajeros del banco Bienestar que se instalan en Veracruz. En una breve entrevista en el gimnasio deportivo de Coatepec, donde se entregaron algunas tarjetas del Bienestar a adultos mayores, destac\u00f3 que prev\u00e9n la puesta de 252 cajeros, de los cuales 16 comenzar\u00edan a prestar el servicio para que el pueblo de Veracruz, que goza de los beneficios de los programas federales \u201ctengan su dinerito seguro\u201d.<\/p>\n","protected":false},"excerpt":{"rendered":"<p>ColumnaSinNombre@pablojair Cuando el &#8220;joven&#8221; Dante fue desconocido por Salinas. La \u00faltima jalada de los del Corredor Transoce\u00e1nico Patito. En pie la visita de AMLO para inaugurar Bancos del Bienestar. Y quedaron como payasos en la foto oficial de la Comisi\u00f3n\u2026&#8211;Chopenjawer La salida de Dante Delgado de la Comisi\u00f3n &#8220;Patito&#8221; quesque para investigar abusos de autoridad [&hellip;]<\/p>\n","protected":false},"author":1,"featured_media":488,"comment_status":"open","ping_status":"open","sticky":false,"template":"","format":"standard","meta":{"_jetpack_memberships_contains_paid_content":false,"footnotes":""},"categories":[11],"tags":[],"class_list":["post-22833","post","type-post","status-publish","format-standard","has-post-thumbnail","hentry","category-opinion"],"jetpack_featured_media_url":"https:\/\/encuentroinformativo.com.mx\/wp-content\/uploads\/2020\/03\/F471F608-BA1A-416B-BA7B-BCFB24F4E6D0.jpeg","jetpack_sharing_enabled":true,"jetpack_likes_enabled":true,"amp_enabled":true,"_links":{"self":[{"href":"https:\/\/encuentroinformativo.com.mx\/index.php?rest_route=\/wp\/v2\/posts\/22833","targetHints":{"allow":["GET"]}}],"collection":[{"href":"https:\/\/encuentroinformativo.com.mx\/index.php?rest_route=\/wp\/v2\/posts"}],"about":[{"href":"https:\/\/encuentroinformativo.com.mx\/index.php?rest_route=\/wp\/v2\/types\/post"}],"author":[{"embeddable":true,"href":"https:\/\/encuentroinformativo.com.mx\/index.php?rest_route=\/wp\/v2\/users\/1"}],"replies":[{"embeddable":true,"href":"https:\/\/encuentroinformativo.com.mx\/index.php?rest_route=%2Fwp%2Fv2%2Fcomments&post=22833"}],"version-history":[{"count":1,"href":"https:\/\/encuentroinformativo.com.mx\/index.php?rest_route=\/wp\/v2\/posts\/22833\/revisions"}],"predecessor-version":[{"id":22834,"href":"https:\/\/encuentroinformativo.com.mx\/index.php?rest_route=\/wp\/v2\/posts\/22833\/revisions\/22834"}],"wp:featuredmedia":[{"embeddable":true,"href":"https:\/\/encuentroinformativo.com.mx\/index.php?rest_route=\/wp\/v2\/media\/488"}],"wp:attachment":[{"href":"https:\/\/encuentroinformativo.com.mx\/index.php?rest_route=%2Fwp%2Fv2%2Fmedia&parent=22833"}],"wp:term":[{"taxonomy":"category","embeddable":true,"href":"https:\/\/encuentroinformativo.com.mx\/index.php?rest_route=%2Fwp%2Fv2%2Fcategories&post=22833"},{"taxonomy":"post_tag","embeddable":true,"href":"https:\/\/encuentroinformativo.com.mx\/index.php?rest_route=%2Fwp%2Fv2%2Ftags&post=22833"}],"curies":[{"name":"wp","href":"https:\/\/api.w.org\/{rel}","templated":true}]}}