{"id":22835,"date":"2022-01-28T09:22:02","date_gmt":"2022-01-28T15:22:02","guid":{"rendered":"https:\/\/encuentroinformativo.com.mx\/?p=22835"},"modified":"2022-01-28T09:22:05","modified_gmt":"2022-01-28T15:22:05","slug":"la-calor-y-la-violencia","status":"publish","type":"post","link":"https:\/\/encuentroinformativo.com.mx\/?p=22835","title":{"rendered":"La calor y la violencia"},"content":{"rendered":"\n<p><strong>Los Pol\u00edticos<\/strong><\/p>\n\n\n\n<p><strong>Salvador Mu\u00f1oz<\/strong><\/p>\n\n\n\n<p><br>Escuchar a una coste\u00f1a decir que \u201cla Calor\u201d y los carbohidratos, entre otros factores, son detonantes para la violencia, obliga a bifurcar las ideas\u2026<\/p>\n\n\n\n<p>La primera:<\/p>\n\n\n\n<p>Escuchar a alguien decir \u201cla Calor\u201d es de cierto modo escucharnos, escuchar a nuestro pueblo, escuchar parte de nuestra cultura, sin re\u00edrnos, sin criticar, sin corregir\u2026<\/p>\n\n\n\n<p>Me ha tocado ver hijos y nietos corregir a padres y abuelos un \u201cnaiden\u201d, un \u201cdiferiencia\u201d, hasta un \u201chaiga\u201d; o esos hermosos verbos terminados en \u201cs\u201d como un \u201cvistes\u201d, \u201chicistes\u201d o el que usted quiera. En ellos no he visto maldad sino el deseo de que el pariente sepa tambi\u00e9n lo que el otro sabe (aunque tambi\u00e9n somos dados al \u201cQu\u00e9 dir\u00e1n\u201d, porque no importa si somos raza, fresas, prole o fif\u00eds, el temor a ser criticados muchas de las veces nos obliga a actuar y dejar de ser).<\/p>\n\n\n\n<p>De cierto modo, arrastramos la herencia de quienes no tuvieron la oportunidad, quiz\u00e1s de estudios, quiz\u00e1s de una exhaustiva preparaci\u00f3n acad\u00e9mica, quiz\u00e1s de alguien a su lado que le pudiera decir en corto, ac\u00e1 en privado, \u201coye, se dice de tal modo porque nuestra cultura, nuestra educaci\u00f3n, nuestras normas, nuestra RAE, nuestro Diccionario Panhisp\u00e1nico (Panhis-p\u00e1nico) de Dudas as\u00ed lo dicta, as\u00ed lo dice, as\u00ed se debe\u2026\u201d<\/p>\n\n\n\n<p>Aunque bien cabe aclarar que a veces, no basta ser Licenciado, Doctor o Maestro; mucho menos ser diputado, senador, gobernador o alcaldesa\u2026 \u00a1ah! tampoco periodista (\u00a1somos b\u00e1rbaros aunque nos creemos exquisitos en el manejo de la lengua porque somos el cuarto poder\u2026 \u00bfo era el lenguaje en el cuarto al no poder? \u00a1Algo as\u00ed!)&#8230;<\/p>\n\n\n\n<p>Abelina L\u00f3pez Rodr\u00edguez, alcaldesa de Acapulco, expres\u00f3 \u201cla calor\u201d&#8230; al final, est\u00e9 bien o mal expresado, lo incre\u00edble de nuestra comunicaci\u00f3n, es que su mensaje se dio y extendi\u00f3.<\/p>\n\n\n\n<p>La segunda:<\/p>\n\n\n\n<p>Llevo m\u00e1s de 30 a\u00f1os en estos menesteres del ejercicio period\u00edstico en muchas de sus formas\u2026 en la secci\u00f3n policiaca me encontr\u00e9 con una recurrente, ya fuera en ministerios p\u00fablicos, ministeriales o polic\u00edas: cuando era tiempo \u201cde la calor\u201d, hab\u00eda m\u00e1s homicidios y desencuentros pasionales entre las parejas\u2026<\/p>\n\n\n\n<p>El darle a la naturaleza este poder sobre nuestro comportamiento, \u201cpropiedad\u201d desencadenadora de nuestras m\u00e1s bajas pasiones, es tan similar a la idea de que es posible que nuestro car\u00e1cter se altere cuando hay luna llena\u2026 \u00bfrecuerdan \u201cUn D\u00eda de Furia\u201d?<\/p>\n\n\n\n<p>Por cierto, hablando de la luna, recuerdo un encabezado a una entrevista a un psic\u00f3logo y el comportamiento social: \u201cDe las lunas, la de octubre para suicidarse\u201d.<\/p>\n\n\n\n<p>Pero el asunto es que muchos estudios sostienen que el calor s\u00ed es factor de mayor violencia\u2026 pudi\u00e9ramos entonces hablar de un punto a favor de Abelina, pero \u00bflos carbohidratos? Le falt\u00f3 definir si el problema es para la v\u00edctima o el victimario. Digo, si me intentan asaltar y salgo corriendo, pero mi almacenaje de energ\u00eda llamado panza me dice \u201c\u00a1espera, ya me cans\u00e9!\u201d, se entiende que me alcance la violencia.<\/p>\n\n\n\n<p>Hay que ser justos con Abelina. Ella cita la pobreza, falta de empleo, un tema de g\u00e9nero, la mala alimentaci\u00f3n, adem\u00e1s de \u201cla calor\u201d y el consumo de carbohidratos\u2026 perdida no anda\u2026 qu\u00e9 padre ser\u00eda que igual que como se puede corregirle a Abelina su \u201cla calor\u201d, del mismo modo se resolviera la violencia de la que habla.<\/p>\n\n\n\n<p>Al final, nuestras reglas, normas, leyes establecen que est\u00e1 mal dicho \u201cla Calor\u201d, y que se debe decir \u201cel Calor\u201d, pero apuesto mil contra uno que Abelina, a la hora de escribir, no pone \u201cla calor que azota nuestro municipio\u201d&#8230; \u00bfpor qu\u00e9? Algo que no logro comprender en la psique de muchos de nosotros\u2026 al final, sea macho o sea hembra, el asunto al menos para este fin de semana, es que haya calor, porque en Veracruz, se siente un chingo de fr\u00edo.<\/p>\n\n\n\n<p><a href=\"mailto:smcainito@gmail.com\" target=\"_blank\" rel=\"noreferrer noopener\">smcainito@gmail.com<\/a><\/p>\n","protected":false},"excerpt":{"rendered":"<p>Los Pol\u00edticos Salvador Mu\u00f1oz Escuchar a una coste\u00f1a decir que \u201cla Calor\u201d y los carbohidratos, entre otros factores, son detonantes para la violencia, obliga a bifurcar las ideas\u2026 La primera: Escuchar a alguien decir \u201cla Calor\u201d es de cierto modo escucharnos, escuchar a nuestro pueblo, escuchar parte de nuestra cultura, sin re\u00edrnos, sin criticar, sin [&hellip;]<\/p>\n","protected":false},"author":1,"featured_media":387,"comment_status":"open","ping_status":"open","sticky":false,"template":"","format":"standard","meta":{"_jetpack_memberships_contains_paid_content":false,"footnotes":""},"categories":[11],"tags":[],"class_list":["post-22835","post","type-post","status-publish","format-standard","has-post-thumbnail","hentry","category-opinion"],"jetpack_featured_media_url":"https:\/\/encuentroinformativo.com.mx\/wp-content\/uploads\/2020\/03\/7CF8A22B-2764-47BE-8F7F-38FE9E5D6A2F.jpeg","jetpack_sharing_enabled":true,"jetpack_likes_enabled":true,"amp_enabled":true,"_links":{"self":[{"href":"https:\/\/encuentroinformativo.com.mx\/index.php?rest_route=\/wp\/v2\/posts\/22835","targetHints":{"allow":["GET"]}}],"collection":[{"href":"https:\/\/encuentroinformativo.com.mx\/index.php?rest_route=\/wp\/v2\/posts"}],"about":[{"href":"https:\/\/encuentroinformativo.com.mx\/index.php?rest_route=\/wp\/v2\/types\/post"}],"author":[{"embeddable":true,"href":"https:\/\/encuentroinformativo.com.mx\/index.php?rest_route=\/wp\/v2\/users\/1"}],"replies":[{"embeddable":true,"href":"https:\/\/encuentroinformativo.com.mx\/index.php?rest_route=%2Fwp%2Fv2%2Fcomments&post=22835"}],"version-history":[{"count":1,"href":"https:\/\/encuentroinformativo.com.mx\/index.php?rest_route=\/wp\/v2\/posts\/22835\/revisions"}],"predecessor-version":[{"id":22836,"href":"https:\/\/encuentroinformativo.com.mx\/index.php?rest_route=\/wp\/v2\/posts\/22835\/revisions\/22836"}],"wp:featuredmedia":[{"embeddable":true,"href":"https:\/\/encuentroinformativo.com.mx\/index.php?rest_route=\/wp\/v2\/media\/387"}],"wp:attachment":[{"href":"https:\/\/encuentroinformativo.com.mx\/index.php?rest_route=%2Fwp%2Fv2%2Fmedia&parent=22835"}],"wp:term":[{"taxonomy":"category","embeddable":true,"href":"https:\/\/encuentroinformativo.com.mx\/index.php?rest_route=%2Fwp%2Fv2%2Fcategories&post=22835"},{"taxonomy":"post_tag","embeddable":true,"href":"https:\/\/encuentroinformativo.com.mx\/index.php?rest_route=%2Fwp%2Fv2%2Ftags&post=22835"}],"curies":[{"name":"wp","href":"https:\/\/api.w.org\/{rel}","templated":true}]}}