{"id":22837,"date":"2022-01-28T09:29:43","date_gmt":"2022-01-28T15:29:43","guid":{"rendered":"https:\/\/encuentroinformativo.com.mx\/?p=22837"},"modified":"2022-01-28T09:29:47","modified_gmt":"2022-01-28T15:29:47","slug":"asesinan-a-ex-lider-juvenil-del-pri-en-coatzacoalcos","status":"publish","type":"post","link":"https:\/\/encuentroinformativo.com.mx\/?p=22837","title":{"rendered":"Asesinan a ex l\u00edder juvenil del PRI en Coatzacoalcos"},"content":{"rendered":"\n<p><strong>Alejandro \u00c1vila<\/strong><\/p>\n\n\n\n<p>Coatzacoalcos, Ver.- La noche de este jueves fue asesinado el ex l\u00edder juvenil del PRI, Salim Anthuan Contreras Balderas; el empresario se encontraba dentro de un comercio cu\u00e1ndo fue ultimado.<\/p>\n\n\n\n<p>Los hechos ocurrieron poco despu\u00e9s de las 10 de la noche de este jueves, cu\u00e1ndo el ahora occiso se encontraba en el &#8220;<em>Caf\u00e9 Cantina<\/em>&#8221; del Hotel Brisas conviviendo con unos amigos; la noticia fue difundida en redes sociales y varios ciudadanos lamentaron la ola de inseguridad que se vive en la ciudad.<\/p>\n\n\n\n<p>Seg\u00fan testigos, sujetos armados ingresaron al centro nocturno, y abrieron fuego en su contra tras decirle algunas palabras al exl\u00edder de la CNOP.<\/p>\n\n\n\n<p>La gente asustada se tir\u00f3 al piso del comercio, y minutos m\u00e1s tarde al alertaron al 911 de lo sucedido, sin que hasta el momento se haya podido identificar a los sicarios.<\/p>\n\n\n\n<p>Cabe mencionar que, el homicidio se dio a unos cuantos metros del cuartel de Palmasola, donde se alberga la base de la Polic\u00eda Estatal y otras corporaciones de seguridad qu\u00e9 vigilan la ciudad.<\/p>\n\n\n\n<p>Se pudl conocer que el calibre del arma empleada para el ataque, fue .40; el mismo calibre que fue usado en el homicidio del ex gerente del bar &#8220;Capital&#8221;, Alberto Casiano Mart\u00ednez, quien de la misma forma fue ultimado de tres disparos en la zona centro de la ciudad.<\/p>\n\n\n\n<p>Despu\u00e9s del homicidio de Luciano Antonio Garc\u00eda, en el bar &#8220;El Wevas&#8221;, el martes pasado, Salim Contreras estuvo muy activo en redes sociales defendiendo el honor del finado.<\/p>\n\n\n\n<p>Tambi\u00e9n se mostr\u00f3 molesto por algunas publicaciones en redes sociales donde se mencionaba a la due\u00f1a del bar &#8220;El Wevas&#8221;, Sol Cabrera, quien muri\u00f3 tr\u00e1gicamente el a\u00f1o pasado en Chiapas.&nbsp;<\/p>\n\n\n\n<p>Con su muerte, suman cinco los homicidio en Coatzacoalcos en lo que va del a\u00f1o, en lo que pareciera una serie de reacomodos de las estructuras criminales.<\/p>\n\n\n\n<p>Hay que recordar que, en marzo del 2019, el finado hizo p\u00fablica una carta en donde se deslindaba de formar parte de grupos delictivos, esto despu\u00e9s de que circulara una foto suya en donde se le mencionaba como presunto integrantes de la delincuencia organizada.<\/p>\n\n\n\n<p>\u201cA la opini\u00f3n p\u00fablica. Ante la difusi\u00f3n de una nota, donde aparece mi foto y que ya es del dominio p\u00fablico, quiero aclarar lo siguiente a mi familia, amigos y p\u00fablico en general\u2026 rechazo y niego rotundamente formar parte de alguna banda criminal que opere en Coatzacoalcos\u201d, dijo en el documento donde busc\u00f3 lavar su imagen.<\/p>\n","protected":false},"excerpt":{"rendered":"<p>Alejandro \u00c1vila Coatzacoalcos, Ver.- La noche de este jueves fue asesinado el ex l\u00edder juvenil del PRI, Salim Anthuan Contreras Balderas; el empresario se encontraba dentro de un comercio cu\u00e1ndo fue ultimado. Los hechos ocurrieron poco despu\u00e9s de las 10 de la noche de este jueves, cu\u00e1ndo el ahora occiso se encontraba en el &#8220;Caf\u00e9 [&hellip;]<\/p>\n","protected":false},"author":1,"featured_media":22838,"comment_status":"open","ping_status":"open","sticky":false,"template":"","format":"standard","meta":{"_jetpack_memberships_contains_paid_content":false,"footnotes":""},"categories":[14],"tags":[],"class_list":["post-22837","post","type-post","status-publish","format-standard","has-post-thumbnail","hentry","category-policiaca"],"jetpack_featured_media_url":"https:\/\/encuentroinformativo.com.mx\/wp-content\/uploads\/2022\/01\/0DD45409-2E07-4DD5-B025-8910BDFC9FA5.jpeg","jetpack_sharing_enabled":true,"jetpack_likes_enabled":true,"amp_enabled":true,"_links":{"self":[{"href":"https:\/\/encuentroinformativo.com.mx\/index.php?rest_route=\/wp\/v2\/posts\/22837","targetHints":{"allow":["GET"]}}],"collection":[{"href":"https:\/\/encuentroinformativo.com.mx\/index.php?rest_route=\/wp\/v2\/posts"}],"about":[{"href":"https:\/\/encuentroinformativo.com.mx\/index.php?rest_route=\/wp\/v2\/types\/post"}],"author":[{"embeddable":true,"href":"https:\/\/encuentroinformativo.com.mx\/index.php?rest_route=\/wp\/v2\/users\/1"}],"replies":[{"embeddable":true,"href":"https:\/\/encuentroinformativo.com.mx\/index.php?rest_route=%2Fwp%2Fv2%2Fcomments&post=22837"}],"version-history":[{"count":1,"href":"https:\/\/encuentroinformativo.com.mx\/index.php?rest_route=\/wp\/v2\/posts\/22837\/revisions"}],"predecessor-version":[{"id":22839,"href":"https:\/\/encuentroinformativo.com.mx\/index.php?rest_route=\/wp\/v2\/posts\/22837\/revisions\/22839"}],"wp:featuredmedia":[{"embeddable":true,"href":"https:\/\/encuentroinformativo.com.mx\/index.php?rest_route=\/wp\/v2\/media\/22838"}],"wp:attachment":[{"href":"https:\/\/encuentroinformativo.com.mx\/index.php?rest_route=%2Fwp%2Fv2%2Fmedia&parent=22837"}],"wp:term":[{"taxonomy":"category","embeddable":true,"href":"https:\/\/encuentroinformativo.com.mx\/index.php?rest_route=%2Fwp%2Fv2%2Fcategories&post=22837"},{"taxonomy":"post_tag","embeddable":true,"href":"https:\/\/encuentroinformativo.com.mx\/index.php?rest_route=%2Fwp%2Fv2%2Ftags&post=22837"}],"curies":[{"name":"wp","href":"https:\/\/api.w.org\/{rel}","templated":true}]}}