{"id":22846,"date":"2022-01-28T10:09:46","date_gmt":"2022-01-28T16:09:46","guid":{"rendered":"https:\/\/encuentroinformativo.com.mx\/?p=22846"},"modified":"2022-01-28T10:09:49","modified_gmt":"2022-01-28T16:09:49","slug":"en-tierra-blanca-marchan-exigiendo-justicia-por-beverly","status":"publish","type":"post","link":"https:\/\/encuentroinformativo.com.mx\/?p=22846","title":{"rendered":"En Tierra Blanca marchan exigiendo justicia por Beverly"},"content":{"rendered":"\n<p><strong>*La joven est\u00e1 detenida en Puebla por defenderse de un conductor de <em>Uber<\/em>. <\/strong><\/p>\n\n\n\n<p><strong>Alejandro \u00c1vila<\/strong><\/p>\n\n\n\n<p>Tierra Blanca, Ver.- Este jueves por la noche, familiares y amigos de la joven Beverly Vega Oropeza marcharon por las principales calles de la ciudad de Tierra Blanca, para exigir justicia ante su arbitrario encarcelamiento en la ciudad de Puebla.<\/p>\n\n\n\n<p>Cabe recordar que hace unos d\u00edas la joven fue denunciada y posteriormente encarcelada en el Cereso de Cholula, tras ser acusada por el conductor de la empresa Uber por una presunta agresi\u00f3n.<\/p>\n\n\n\n<p>Beverly Vega Oropeza, relato en su declaraci\u00f3n qu\u00e9 el chofer no hab\u00eda respetado el punto de llegada, y este coloc\u00f3 los seguros del veh\u00edculo e intentaba llev\u00e1rsela a otro sitio por lo que tem\u00eda por su vida y se defendi\u00f3.<\/p>\n\n\n\n<p>La joven estudiante del Tecnol\u00f3gico de Tierra Blanca, tras haber egresado de la carrera de Mecatr\u00f3nica hab\u00eda viajado a la ciudad de Puebla para realizar entrevistas de trabajo, y poder encontrar un empleo que mejorar\u00e1 su situaci\u00f3n econ\u00f3mica y as\u00ed poder ayudar a su familia.<\/p>\n\n\n\n<p>Hoy, Beverly se encuentra tras las rejas en una prisi\u00f3n de Cholula, d\u00f3nde espera su posible sentencia; ante esta situaci\u00f3n familiares y amigos marcharon por las calles de Tierra Blanca, y en el parque central &#8220;Benito Ju\u00e1rez&#8221;, exigieron el apoyo del gobernador, Cuitl\u00e1huac Garc\u00eda Jim\u00e9nez, y del presidente de la rep\u00fablica, Andr\u00e9s Manuel L\u00f3pez Obrador, para que den seguimiento al caso y eviten una injusticia.<\/p>\n\n\n\n<figure class=\"wp-block-image size-large\"><img loading=\"lazy\" decoding=\"async\" width=\"676\" height=\"436\" src=\"https:\/\/encuentroinformativo.com.mx\/wp-content\/uploads\/2022\/01\/CD56A096-31DE-4202-B37E-8AEF6CB40FD0.jpeg\" alt=\"\" class=\"wp-image-22848\" srcset=\"https:\/\/encuentroinformativo.com.mx\/wp-content\/uploads\/2022\/01\/CD56A096-31DE-4202-B37E-8AEF6CB40FD0.jpeg 676w, https:\/\/encuentroinformativo.com.mx\/wp-content\/uploads\/2022\/01\/CD56A096-31DE-4202-B37E-8AEF6CB40FD0-300x193.jpeg 300w\" sizes=\"auto, (max-width: 676px) 100vw, 676px\" \/><\/figure>\n","protected":false},"excerpt":{"rendered":"<p>*La joven est\u00e1 detenida en Puebla por defenderse de un conductor de Uber. Alejandro \u00c1vila Tierra Blanca, Ver.- Este jueves por la noche, familiares y amigos de la joven Beverly Vega Oropeza marcharon por las principales calles de la ciudad de Tierra Blanca, para exigir justicia ante su arbitrario encarcelamiento en la ciudad de Puebla. [&hellip;]<\/p>\n","protected":false},"author":1,"featured_media":22847,"comment_status":"open","ping_status":"open","sticky":false,"template":"","format":"standard","meta":{"_jetpack_memberships_contains_paid_content":false,"footnotes":""},"categories":[2],"tags":[],"class_list":["post-22846","post","type-post","status-publish","format-standard","has-post-thumbnail","hentry","category-estado"],"jetpack_featured_media_url":"https:\/\/encuentroinformativo.com.mx\/wp-content\/uploads\/2022\/01\/62DBDFEA-4B1E-4A72-8287-C566E880C6F5.jpeg","jetpack_sharing_enabled":true,"jetpack_likes_enabled":true,"amp_enabled":true,"_links":{"self":[{"href":"https:\/\/encuentroinformativo.com.mx\/index.php?rest_route=\/wp\/v2\/posts\/22846","targetHints":{"allow":["GET"]}}],"collection":[{"href":"https:\/\/encuentroinformativo.com.mx\/index.php?rest_route=\/wp\/v2\/posts"}],"about":[{"href":"https:\/\/encuentroinformativo.com.mx\/index.php?rest_route=\/wp\/v2\/types\/post"}],"author":[{"embeddable":true,"href":"https:\/\/encuentroinformativo.com.mx\/index.php?rest_route=\/wp\/v2\/users\/1"}],"replies":[{"embeddable":true,"href":"https:\/\/encuentroinformativo.com.mx\/index.php?rest_route=%2Fwp%2Fv2%2Fcomments&post=22846"}],"version-history":[{"count":1,"href":"https:\/\/encuentroinformativo.com.mx\/index.php?rest_route=\/wp\/v2\/posts\/22846\/revisions"}],"predecessor-version":[{"id":22849,"href":"https:\/\/encuentroinformativo.com.mx\/index.php?rest_route=\/wp\/v2\/posts\/22846\/revisions\/22849"}],"wp:featuredmedia":[{"embeddable":true,"href":"https:\/\/encuentroinformativo.com.mx\/index.php?rest_route=\/wp\/v2\/media\/22847"}],"wp:attachment":[{"href":"https:\/\/encuentroinformativo.com.mx\/index.php?rest_route=%2Fwp%2Fv2%2Fmedia&parent=22846"}],"wp:term":[{"taxonomy":"category","embeddable":true,"href":"https:\/\/encuentroinformativo.com.mx\/index.php?rest_route=%2Fwp%2Fv2%2Fcategories&post=22846"},{"taxonomy":"post_tag","embeddable":true,"href":"https:\/\/encuentroinformativo.com.mx\/index.php?rest_route=%2Fwp%2Fv2%2Ftags&post=22846"}],"curies":[{"name":"wp","href":"https:\/\/api.w.org\/{rel}","templated":true}]}}