{"id":22850,"date":"2022-01-28T11:59:52","date_gmt":"2022-01-28T17:59:52","guid":{"rendered":"https:\/\/encuentroinformativo.com.mx\/?p=22850"},"modified":"2022-01-28T11:59:56","modified_gmt":"2022-01-28T17:59:56","slug":"en-febrero-concluiria-jornada-de-refuerzo-de-vacunacion","status":"publish","type":"post","link":"https:\/\/encuentroinformativo.com.mx\/?p=22850","title":{"rendered":"En febrero concluir\u00eda jornada de refuerzo de vacunaci\u00f3n"},"content":{"rendered":"\n<p><strong>Dar\u00edo Pale<\/strong><\/p>\n\n\n\n<p>Xalapa, Ver.- El delegado de los programas del Bienestar en Veracruz, Manuel Huerta Ladr\u00f3n de Guevara dio a conocer que a mediados de febrero podr\u00eda concluir vacunaci\u00f3n de refuerzo en 212 municipios, y a partir del 31 de enero se suman 50 municipios para aplicar dosis a sector de 50 a 59 a\u00f1os.<\/p>\n\n\n\n<p>Entrevistado en las instalaciones de la USBI donde supervis\u00f3 la aplicaci\u00f3n de la vacuna de refuerzo se\u00f1al\u00f3 que a partir del 31 de enero iniciar\u00e1n la aplicaci\u00f3n de la vacuna de refuerzo en 50 municipios m\u00e1s, para personas de 50 a 59 a\u00f1os, por lo que a mediados del mes de febrero podr\u00eda concluir la vacunaci\u00f3n en los 212 municipios.<\/p>\n\n\n\n<p>Inform\u00f3 que a partir de la pr\u00f3xima semana inicia la vacunaci\u00f3n en los municipios de Xico, Altotonga, Tlaltetela, Apazapan, Jalcomulco, Perote, Naolinco, Banderilla, Chiconquiaco, Acatl\u00e1n, Landero y Coss y Las Vigas, de igual forma a partir del 2 de febrero comenzar\u00e1n la vacunaci\u00f3n en la zona de Emiliano Zapata y de Tlalnelhuayocan, lo que les permitir\u00e1 &#8220;blindar&#8221; la capital del Estado.<\/p>\n\n\n\n<p>La vacuna que se aplicar\u00e1 es <em>AstraZeneca<\/em> y en ese sentido, coment\u00f3 que se estuvo aplicando <em>La Moderna<\/em> por indicaci\u00f3n nacional y porque hab\u00eda las dosis para aplicarlas, no obstante adelant\u00f3 que a nivel nacional est\u00e1n migrando para que toda la campa\u00f1a de refuerzo sea con dicha vacuna.<\/p>\n\n\n\n<p>\u201cTiene que ver no solo a la salud, a la vida, sino a la recuperaci\u00f3n econ\u00f3mica y a las actividades en general, como las clases presenciales. Hoy nos da gusto estar en el nido de El Halc\u00f3n porque la Universidad Veracruzana se ha distinguido por ser un espacio de voluntariado muy eficaz&#8221;, se\u00f1al\u00f3.<\/p>\n\n\n\n<p>El funcionario federal aseguro que las vacunas Moderna y AstraZeneca facilitan el ingreso a Estados Unidos y los pa\u00edses de Europa, y que gracias a que la gente se est\u00e1 vacunado los casos no est\u00e1n siendo letales, aquel que llega a un hospital es porque quiz\u00e1 presenta alguna deficiencia inmunol\u00f3gica.<\/p>\n\n\n\n<p>Recalc\u00f3 que para lograr la reactivaci\u00f3n econ\u00f3mica, seguir\u00e1n vacunando, pero tambi\u00e9n continuar\u00e1n con la entrega de los programas de apoyo social, incluso, defini\u00f3 que se adelantar\u00e1n algunos por la veda electoral, lo cual informar\u00e1n m\u00e1s adelante.<\/p>\n\n\n\n<p>Finalmente dio a conocer que el s\u00e1bado iniciar\u00e1 la verificaci\u00f3n de todos los Productores para el Bienestar, programa de subsidio que se entrega a los productores de grano, cafeticultores, ca\u00f1eros, productores de mil, entre otros.<\/p>\n","protected":false},"excerpt":{"rendered":"<p>Dar\u00edo Pale Xalapa, Ver.- El delegado de los programas del Bienestar en Veracruz, Manuel Huerta Ladr\u00f3n de Guevara dio a conocer que a mediados de febrero podr\u00eda concluir vacunaci\u00f3n de refuerzo en 212 municipios, y a partir del 31 de enero se suman 50 municipios para aplicar dosis a sector de 50 a 59 a\u00f1os. [&hellip;]<\/p>\n","protected":false},"author":1,"featured_media":22851,"comment_status":"open","ping_status":"open","sticky":false,"template":"","format":"standard","meta":{"_jetpack_memberships_contains_paid_content":false,"footnotes":""},"categories":[9],"tags":[],"class_list":["post-22850","post","type-post","status-publish","format-standard","has-post-thumbnail","hentry","category-salud"],"jetpack_featured_media_url":"https:\/\/encuentroinformativo.com.mx\/wp-content\/uploads\/2022\/01\/89BB9C8F-3F2C-413D-9B71-D35EE1B64D2D.jpeg","jetpack_sharing_enabled":true,"jetpack_likes_enabled":true,"amp_enabled":true,"_links":{"self":[{"href":"https:\/\/encuentroinformativo.com.mx\/index.php?rest_route=\/wp\/v2\/posts\/22850","targetHints":{"allow":["GET"]}}],"collection":[{"href":"https:\/\/encuentroinformativo.com.mx\/index.php?rest_route=\/wp\/v2\/posts"}],"about":[{"href":"https:\/\/encuentroinformativo.com.mx\/index.php?rest_route=\/wp\/v2\/types\/post"}],"author":[{"embeddable":true,"href":"https:\/\/encuentroinformativo.com.mx\/index.php?rest_route=\/wp\/v2\/users\/1"}],"replies":[{"embeddable":true,"href":"https:\/\/encuentroinformativo.com.mx\/index.php?rest_route=%2Fwp%2Fv2%2Fcomments&post=22850"}],"version-history":[{"count":1,"href":"https:\/\/encuentroinformativo.com.mx\/index.php?rest_route=\/wp\/v2\/posts\/22850\/revisions"}],"predecessor-version":[{"id":22852,"href":"https:\/\/encuentroinformativo.com.mx\/index.php?rest_route=\/wp\/v2\/posts\/22850\/revisions\/22852"}],"wp:featuredmedia":[{"embeddable":true,"href":"https:\/\/encuentroinformativo.com.mx\/index.php?rest_route=\/wp\/v2\/media\/22851"}],"wp:attachment":[{"href":"https:\/\/encuentroinformativo.com.mx\/index.php?rest_route=%2Fwp%2Fv2%2Fmedia&parent=22850"}],"wp:term":[{"taxonomy":"category","embeddable":true,"href":"https:\/\/encuentroinformativo.com.mx\/index.php?rest_route=%2Fwp%2Fv2%2Fcategories&post=22850"},{"taxonomy":"post_tag","embeddable":true,"href":"https:\/\/encuentroinformativo.com.mx\/index.php?rest_route=%2Fwp%2Fv2%2Ftags&post=22850"}],"curies":[{"name":"wp","href":"https:\/\/api.w.org\/{rel}","templated":true}]}}