{"id":22862,"date":"2022-01-28T13:16:55","date_gmt":"2022-01-28T19:16:55","guid":{"rendered":"https:\/\/encuentroinformativo.com.mx\/?p=22862"},"modified":"2022-01-28T13:16:59","modified_gmt":"2022-01-28T19:16:59","slug":"vienen-mejores-tiempos-y-resultados-para-xalapa-ricardo-ahued","status":"publish","type":"post","link":"https:\/\/encuentroinformativo.com.mx\/?p=22862","title":{"rendered":"Vienen mejores tiempos y resultados para Xalapa: Ricardo Ahued"},"content":{"rendered":"\n<p><strong>*Se instala la Comisi\u00f3n Edilicia de Educaci\u00f3n, Recreaci\u00f3n, Actos C\u00edvicos y Fomento Deportivo<\/strong><\/p>\n\n\n\n<p>Xalapa, Ver.- Para contar con solidez, programas, proyectos, rendici\u00f3n de cuentas y acercamiento a la sociedad, el Ayuntamiento contar\u00e1 con una Direcci\u00f3n dedicada exclusivamente a la educaci\u00f3n, afirm\u00f3 el presidente municipal Ricardo Ahued Bardahuil durante la instalaci\u00f3n de la Comisi\u00f3n Edilicia de Educaci\u00f3n, Recreaci\u00f3n, Cultura, Actos C\u00edvicos y Fomento Deportivo.<\/p>\n\n\n\n<p>Dijo que con estos cambios en el organigrama de las \u00e1reas de gobierno vendr\u00e1n tiempos mejores y se tendr\u00e1n las herramientas necesarias para dar los resultados que la sociedad espera.<\/p>\n\n\n\n<p>La regidora titular de la comisi\u00f3n, Minerva Salcedo Baca, expuso que a causa de la pandemia generada por el Coronavirus SARS-CoV-2, en el pa\u00eds se vive una crisis educativa por el rezago en conocimientos y la falta de clases presenciales, por lo que desde la responsabilidad municipal apremia generar pol\u00edticas p\u00fablicas en las 3 mil 124 escuelas que existen en el territorio en beneficio de sus m\u00e1s de 300 mil estudiantes.<\/p>\n\n\n\n<p>La comisi\u00f3n qued\u00f3 integrada, adem\u00e1s, por los regidores Mart\u00edn Victoriano Espinoza Rold\u00e1n y Daniel Fern\u00e1ndez Carri\u00f3n.<\/p>\n\n\n\n<p>Asistieron la s\u00edndica \u00fanica, Cecilia Coronel Brizio, las regidoras Mar\u00eda Guadalupe M\u00e1rquez Leonardo, Zabdy Asmaveth Quezada Valdez y Ana Cristina Hern\u00e1ndez Aburto; el regidor Carlos Rugerio Mart\u00ednez, la encargada de la Direcci\u00f3n de Cultura, Karla Montano Rocher; representantes de la Secretar\u00eda de Educaci\u00f3n de Veracruz (SEV) y del Instituto Veracruzano de la Cultura (IVEC), as\u00ed como de colectivos culturales y funcionarias y funcionarios municipales.<\/p>\n","protected":false},"excerpt":{"rendered":"<p>*Se instala la Comisi\u00f3n Edilicia de Educaci\u00f3n, Recreaci\u00f3n, Actos C\u00edvicos y Fomento Deportivo Xalapa, Ver.- Para contar con solidez, programas, proyectos, rendici\u00f3n de cuentas y acercamiento a la sociedad, el Ayuntamiento contar\u00e1 con una Direcci\u00f3n dedicada exclusivamente a la educaci\u00f3n, afirm\u00f3 el presidente municipal Ricardo Ahued Bardahuil durante la instalaci\u00f3n de la Comisi\u00f3n Edilicia de [&hellip;]<\/p>\n","protected":false},"author":1,"featured_media":22863,"comment_status":"open","ping_status":"open","sticky":false,"template":"","format":"standard","meta":{"_jetpack_memberships_contains_paid_content":false,"footnotes":""},"categories":[3],"tags":[],"class_list":["post-22862","post","type-post","status-publish","format-standard","has-post-thumbnail","hentry","category-xalapa"],"jetpack_featured_media_url":"https:\/\/encuentroinformativo.com.mx\/wp-content\/uploads\/2022\/01\/9782BA99-085F-46E1-ACCC-982EF5A2672F.jpeg","jetpack_sharing_enabled":true,"jetpack_likes_enabled":true,"amp_enabled":true,"_links":{"self":[{"href":"https:\/\/encuentroinformativo.com.mx\/index.php?rest_route=\/wp\/v2\/posts\/22862","targetHints":{"allow":["GET"]}}],"collection":[{"href":"https:\/\/encuentroinformativo.com.mx\/index.php?rest_route=\/wp\/v2\/posts"}],"about":[{"href":"https:\/\/encuentroinformativo.com.mx\/index.php?rest_route=\/wp\/v2\/types\/post"}],"author":[{"embeddable":true,"href":"https:\/\/encuentroinformativo.com.mx\/index.php?rest_route=\/wp\/v2\/users\/1"}],"replies":[{"embeddable":true,"href":"https:\/\/encuentroinformativo.com.mx\/index.php?rest_route=%2Fwp%2Fv2%2Fcomments&post=22862"}],"version-history":[{"count":1,"href":"https:\/\/encuentroinformativo.com.mx\/index.php?rest_route=\/wp\/v2\/posts\/22862\/revisions"}],"predecessor-version":[{"id":22864,"href":"https:\/\/encuentroinformativo.com.mx\/index.php?rest_route=\/wp\/v2\/posts\/22862\/revisions\/22864"}],"wp:featuredmedia":[{"embeddable":true,"href":"https:\/\/encuentroinformativo.com.mx\/index.php?rest_route=\/wp\/v2\/media\/22863"}],"wp:attachment":[{"href":"https:\/\/encuentroinformativo.com.mx\/index.php?rest_route=%2Fwp%2Fv2%2Fmedia&parent=22862"}],"wp:term":[{"taxonomy":"category","embeddable":true,"href":"https:\/\/encuentroinformativo.com.mx\/index.php?rest_route=%2Fwp%2Fv2%2Fcategories&post=22862"},{"taxonomy":"post_tag","embeddable":true,"href":"https:\/\/encuentroinformativo.com.mx\/index.php?rest_route=%2Fwp%2Fv2%2Ftags&post=22862"}],"curies":[{"name":"wp","href":"https:\/\/api.w.org\/{rel}","templated":true}]}}