{"id":22873,"date":"2022-01-29T12:32:21","date_gmt":"2022-01-29T18:32:21","guid":{"rendered":"https:\/\/encuentroinformativo.com.mx\/?p=22873"},"modified":"2022-01-29T12:32:25","modified_gmt":"2022-01-29T18:32:25","slug":"inician-fiestas-tradicionales-de-teocelo","status":"publish","type":"post","link":"https:\/\/encuentroinformativo.com.mx\/?p=22873","title":{"rendered":"Inician fiestas tradicionales de Teocelo"},"content":{"rendered":"\n<p><strong>Dar\u00edo Pale<\/strong><\/p>\n\n\n\n<p>Teocelo, Ver.- El presidente municipal de Teocelo Isaac Alberto Anell Reyes llev\u00f3 a cabo el corte del list\u00f3n inaugural de las fiestas en honor al Santo Entierro de Cristo el cual se celebra el \u00faltimo fin de semana del mes de enero y concluir\u00e1n el d\u00eda 31.<\/p>\n\n\n\n<p>Por tal motivo invit\u00f3 al p\u00fablico en general para que conozca y viva la experiencia que el municipio tiene preparado a los visitantes, en la cual se incluye una exposici\u00f3n donde artesanos muestran la cultura teocelence a trav\u00e9s de sus productos, los cuales se realizan con materiales propios de la regi\u00f3n.<\/p>\n\n\n\n<p>Esta festividad tendr\u00e1 lugar del 28 al 31 del presente mes, por Io cual se tienen preparados diversos eventos como la alfombreada, el tradicional fandango y la viejada en las calles de 5 de Mayo y Rub\u00e9n Dar\u00edo, un concurso de disfraces y la tradicional cabalgata.<\/p>\n\n\n\n<p>Como evento principal se encuentra la sesi\u00f3n de cabildo que eleva a las festividades en honor al Santo Entierro de Cristo, as\u00ed como el traslado y colocaci\u00f3n de la Monumental Ofrenda Floral denominada &#8220;Arco Floral&#8221; como Patrimonio Cultural del Municipio, la cual tendr\u00e1 lugar en las afueras de la Parroquia de la Asunci\u00f3n de Nuestra Se\u00f1ora, ubicada en el coraz\u00f3n del municipio este s\u00e1bado 29 de enero a las 14:30 horas.<\/p>\n\n\n\n<p>La inauguraci\u00f3n cont\u00f3 con la presencia del Director General de Cultura de Paz, Sergio Ulises Montes Guzm\u00e1n, en representaci\u00f3n del gobernador del estado Cuitl\u00e1huac Garc\u00eda Jim\u00e9nez, el alcalde del municipio de Ixhuac\u00e1n de los Reyes Fortunato Ruiz Vargas y el alcalde de Cosautl\u00e1n de Carvajal Jos\u00e9 Antonio Valdivia Huerta.<\/p>\n\n\n\n<p>Esta festividad tiene como objetivo generar una importante derrama econ\u00f3mica que permita la reactivaci\u00f3n del comercio a trav\u00e9s de los distintos tipos de turismo que existen en dicho municipio.<\/p>\n","protected":false},"excerpt":{"rendered":"<p>Dar\u00edo Pale Teocelo, Ver.- El presidente municipal de Teocelo Isaac Alberto Anell Reyes llev\u00f3 a cabo el corte del list\u00f3n inaugural de las fiestas en honor al Santo Entierro de Cristo el cual se celebra el \u00faltimo fin de semana del mes de enero y concluir\u00e1n el d\u00eda 31. Por tal motivo invit\u00f3 al p\u00fablico [&hellip;]<\/p>\n","protected":false},"author":1,"featured_media":22874,"comment_status":"open","ping_status":"open","sticky":false,"template":"","format":"standard","meta":{"_jetpack_memberships_contains_paid_content":false,"footnotes":""},"categories":[8],"tags":[],"class_list":["post-22873","post","type-post","status-publish","format-standard","has-post-thumbnail","hentry","category-region"],"jetpack_featured_media_url":"https:\/\/encuentroinformativo.com.mx\/wp-content\/uploads\/2022\/01\/15280EF0-C657-4B7C-9C3A-0373855E4875.jpeg","jetpack_sharing_enabled":true,"jetpack_likes_enabled":true,"amp_enabled":true,"_links":{"self":[{"href":"https:\/\/encuentroinformativo.com.mx\/index.php?rest_route=\/wp\/v2\/posts\/22873","targetHints":{"allow":["GET"]}}],"collection":[{"href":"https:\/\/encuentroinformativo.com.mx\/index.php?rest_route=\/wp\/v2\/posts"}],"about":[{"href":"https:\/\/encuentroinformativo.com.mx\/index.php?rest_route=\/wp\/v2\/types\/post"}],"author":[{"embeddable":true,"href":"https:\/\/encuentroinformativo.com.mx\/index.php?rest_route=\/wp\/v2\/users\/1"}],"replies":[{"embeddable":true,"href":"https:\/\/encuentroinformativo.com.mx\/index.php?rest_route=%2Fwp%2Fv2%2Fcomments&post=22873"}],"version-history":[{"count":1,"href":"https:\/\/encuentroinformativo.com.mx\/index.php?rest_route=\/wp\/v2\/posts\/22873\/revisions"}],"predecessor-version":[{"id":22875,"href":"https:\/\/encuentroinformativo.com.mx\/index.php?rest_route=\/wp\/v2\/posts\/22873\/revisions\/22875"}],"wp:featuredmedia":[{"embeddable":true,"href":"https:\/\/encuentroinformativo.com.mx\/index.php?rest_route=\/wp\/v2\/media\/22874"}],"wp:attachment":[{"href":"https:\/\/encuentroinformativo.com.mx\/index.php?rest_route=%2Fwp%2Fv2%2Fmedia&parent=22873"}],"wp:term":[{"taxonomy":"category","embeddable":true,"href":"https:\/\/encuentroinformativo.com.mx\/index.php?rest_route=%2Fwp%2Fv2%2Fcategories&post=22873"},{"taxonomy":"post_tag","embeddable":true,"href":"https:\/\/encuentroinformativo.com.mx\/index.php?rest_route=%2Fwp%2Fv2%2Ftags&post=22873"}],"curies":[{"name":"wp","href":"https:\/\/api.w.org\/{rel}","templated":true}]}}