{"id":22876,"date":"2022-01-29T12:36:26","date_gmt":"2022-01-29T18:36:26","guid":{"rendered":"https:\/\/encuentroinformativo.com.mx\/?p=22876"},"modified":"2022-01-29T12:36:29","modified_gmt":"2022-01-29T18:36:29","slug":"por-reforma-electrica-14-paises-emitirian-juicios-de-arbitraje-contra-mexico","status":"publish","type":"post","link":"https:\/\/encuentroinformativo.com.mx\/?p=22876","title":{"rendered":"Por reforma el\u00e9ctrica 14 pa\u00edses emitir\u00edan juicios de arbitraje contra M\u00e9xico"},"content":{"rendered":"\n<p><strong>Alejandro \u00c1vila<\/strong><\/p>\n\n\n\n<p>Veracruz, Ver.- El modificar por completo la reforma energ\u00e9tica como promueve el gobierno de Andr\u00e9s Manuel L\u00f3pez Obrador, traer\u00eda consigo juicios de arbitraje en contra de M\u00e9xico, por empresas de al menos 14 pa\u00edses extranjeros, que han invertido en territorio nacional, mencion\u00f3 el presidente de la delegaci\u00f3n Veracruz de la C\u00e1mara Nacional de la Industria de la Transformaci\u00f3n (CANACINTRA), F\u00e9lix Mart\u00ednez \u00c1lvarez.<\/p>\n\n\n\n<p>El empresario record\u00f3 que desde el 2020, la CANACINTRA ha mostrado un total rechazo a este cambio, pues traer\u00eda consigo un retroceso en el crecimiento y la generaci\u00f3n de empleos, as\u00ed como, una reducci\u00f3n de las desigualdades que genera la cancelaci\u00f3n de dicha reforma energ\u00e9tica.<\/p>\n\n\n\n<p>&#8220;Est\u00e1 habiendo una posibilidad de cuando menos 14 pa\u00edses inversores emitan juicios de arbitraje o paneles de controversia, qu\u00e9 es cuesti\u00f3n de comercio exterior, al amparo de tratados internacionales; o sea, siempre hemos manifestado esa situaci\u00f3n, est\u00e1 reforma energ\u00e9tica o el\u00e9ctrica tambi\u00e9n, pues realmente no estamos de acuerdo&#8221;, apunt\u00f3.<\/p>\n\n\n\n<p>Mart\u00ednez \u00c1lvarez agreg\u00f3 que, siempre han tratado de manifestarse en el sentido de coadyuvar&nbsp; con las pol\u00edticas p\u00fablicas,&nbsp; desde nuestra sede nacional que preside, Enoc Castellanos, y en su representaci\u00f3n ante Diputados y Senadores, as\u00ed como ante la misma Comisi\u00f3n de Energ\u00eda, donde asegur\u00f3 han manifestado el clamor de los industriales ante esta reforma el\u00e9ctrica.<\/p>\n\n\n\n<p>&#8220;Pareciera que tratara que los industriales paguen m\u00e1s, se trata de generar empleos, de generar condiciones, y el gobierno Estatal el Gobierno Federal eso es lo que deben de conseguir, condiciones para que la inversi\u00f3n se restablezca en nuestro estado y posteriormente en el pa\u00eds&#8221;, remat\u00f3.<\/p>\n\n\n\n<p>Finalmente, F\u00e9lix Mart\u00ednez \u00c1lvarez, lament\u00f3 que no hayan sido invitados a la Asamblea Informativa de la Reforma El\u00e9ctrica, que se llevar\u00e1 a cabo este s\u00e1bado 29 de enero en el World Trade Center de Boca del R\u00edo, d\u00f3nde estar\u00e1n presentes el gobernador del estado, Cuitl\u00e1huac Garc\u00eda Jim\u00e9nez, la secretaria de Energ\u00eda, Roc\u00edo Nahle Garc\u00eda, y diputados federales de Morena.<\/p>\n","protected":false},"excerpt":{"rendered":"<p>Alejandro \u00c1vila Veracruz, Ver.- El modificar por completo la reforma energ\u00e9tica como promueve el gobierno de Andr\u00e9s Manuel L\u00f3pez Obrador, traer\u00eda consigo juicios de arbitraje en contra de M\u00e9xico, por empresas de al menos 14 pa\u00edses extranjeros, que han invertido en territorio nacional, mencion\u00f3 el presidente de la delegaci\u00f3n Veracruz de la C\u00e1mara Nacional de [&hellip;]<\/p>\n","protected":false},"author":1,"featured_media":22877,"comment_status":"open","ping_status":"open","sticky":false,"template":"","format":"standard","meta":{"_jetpack_memberships_contains_paid_content":false,"footnotes":""},"categories":[2],"tags":[],"class_list":["post-22876","post","type-post","status-publish","format-standard","has-post-thumbnail","hentry","category-estado"],"jetpack_featured_media_url":"https:\/\/encuentroinformativo.com.mx\/wp-content\/uploads\/2022\/01\/9F69CCA6-2B5D-4082-83DB-01E94899C8D8.jpeg","jetpack_sharing_enabled":true,"jetpack_likes_enabled":true,"amp_enabled":true,"_links":{"self":[{"href":"https:\/\/encuentroinformativo.com.mx\/index.php?rest_route=\/wp\/v2\/posts\/22876","targetHints":{"allow":["GET"]}}],"collection":[{"href":"https:\/\/encuentroinformativo.com.mx\/index.php?rest_route=\/wp\/v2\/posts"}],"about":[{"href":"https:\/\/encuentroinformativo.com.mx\/index.php?rest_route=\/wp\/v2\/types\/post"}],"author":[{"embeddable":true,"href":"https:\/\/encuentroinformativo.com.mx\/index.php?rest_route=\/wp\/v2\/users\/1"}],"replies":[{"embeddable":true,"href":"https:\/\/encuentroinformativo.com.mx\/index.php?rest_route=%2Fwp%2Fv2%2Fcomments&post=22876"}],"version-history":[{"count":1,"href":"https:\/\/encuentroinformativo.com.mx\/index.php?rest_route=\/wp\/v2\/posts\/22876\/revisions"}],"predecessor-version":[{"id":22878,"href":"https:\/\/encuentroinformativo.com.mx\/index.php?rest_route=\/wp\/v2\/posts\/22876\/revisions\/22878"}],"wp:featuredmedia":[{"embeddable":true,"href":"https:\/\/encuentroinformativo.com.mx\/index.php?rest_route=\/wp\/v2\/media\/22877"}],"wp:attachment":[{"href":"https:\/\/encuentroinformativo.com.mx\/index.php?rest_route=%2Fwp%2Fv2%2Fmedia&parent=22876"}],"wp:term":[{"taxonomy":"category","embeddable":true,"href":"https:\/\/encuentroinformativo.com.mx\/index.php?rest_route=%2Fwp%2Fv2%2Fcategories&post=22876"},{"taxonomy":"post_tag","embeddable":true,"href":"https:\/\/encuentroinformativo.com.mx\/index.php?rest_route=%2Fwp%2Fv2%2Ftags&post=22876"}],"curies":[{"name":"wp","href":"https:\/\/api.w.org\/{rel}","templated":true}]}}