{"id":22883,"date":"2022-01-29T14:54:12","date_gmt":"2022-01-29T20:54:12","guid":{"rendered":"https:\/\/encuentroinformativo.com.mx\/?p=22883"},"modified":"2022-01-29T14:54:15","modified_gmt":"2022-01-29T20:54:15","slug":"surgen-nuevas-organizaciones-politicas","status":"publish","type":"post","link":"https:\/\/encuentroinformativo.com.mx\/?p=22883","title":{"rendered":"Surgen nuevas organizaciones pol\u00edticas"},"content":{"rendered":"\n<p>Xalapa, Ver.- Abdel Campos Andrade di\u00f3 a conocer la creaci\u00f3n de la organizaci\u00f3n Pol\u00edticos y Empresarios de Veracruz, qui\u00e9nes dijo buscar\u00e1n ayudar a la poblaci\u00f3n m\u00e1s desprotegida gestionando apoyos que permitan mejorar las condiciones de vida de los grupos vulnerables.<\/p>\n\n\n\n<p>En conferencia de prensa de caf\u00e9, se\u00f1al\u00f3 que actualmente tiene presencia en Tuxpan, Poza Rica, Coatepec, Xalapa y \u00c1lamo por lo cual realizar\u00e1n una gira de trabajo en todo el estado para que m\u00e1s personas se sumen a su organizaci\u00f3n.\u00a0<\/p>\n","protected":false},"excerpt":{"rendered":"<p>Xalapa, Ver.- Abdel Campos Andrade di\u00f3 a conocer la creaci\u00f3n de la organizaci\u00f3n Pol\u00edticos y Empresarios de Veracruz, qui\u00e9nes dijo buscar\u00e1n ayudar a la poblaci\u00f3n m\u00e1s desprotegida gestionando apoyos que permitan mejorar las condiciones de vida de los grupos vulnerables. En conferencia de prensa de caf\u00e9, se\u00f1al\u00f3 que actualmente tiene presencia en Tuxpan, Poza Rica, [&hellip;]<\/p>\n","protected":false},"author":1,"featured_media":22884,"comment_status":"open","ping_status":"open","sticky":false,"template":"","format":"standard","meta":{"_jetpack_memberships_contains_paid_content":false,"footnotes":""},"categories":[3],"tags":[],"class_list":["post-22883","post","type-post","status-publish","format-standard","has-post-thumbnail","hentry","category-xalapa"],"jetpack_featured_media_url":"https:\/\/encuentroinformativo.com.mx\/wp-content\/uploads\/2022\/01\/8E54C39B-5AD1-42AD-804A-7674EC4E6ED4.jpeg","jetpack_sharing_enabled":true,"jetpack_likes_enabled":true,"amp_enabled":true,"_links":{"self":[{"href":"https:\/\/encuentroinformativo.com.mx\/index.php?rest_route=\/wp\/v2\/posts\/22883","targetHints":{"allow":["GET"]}}],"collection":[{"href":"https:\/\/encuentroinformativo.com.mx\/index.php?rest_route=\/wp\/v2\/posts"}],"about":[{"href":"https:\/\/encuentroinformativo.com.mx\/index.php?rest_route=\/wp\/v2\/types\/post"}],"author":[{"embeddable":true,"href":"https:\/\/encuentroinformativo.com.mx\/index.php?rest_route=\/wp\/v2\/users\/1"}],"replies":[{"embeddable":true,"href":"https:\/\/encuentroinformativo.com.mx\/index.php?rest_route=%2Fwp%2Fv2%2Fcomments&post=22883"}],"version-history":[{"count":1,"href":"https:\/\/encuentroinformativo.com.mx\/index.php?rest_route=\/wp\/v2\/posts\/22883\/revisions"}],"predecessor-version":[{"id":22885,"href":"https:\/\/encuentroinformativo.com.mx\/index.php?rest_route=\/wp\/v2\/posts\/22883\/revisions\/22885"}],"wp:featuredmedia":[{"embeddable":true,"href":"https:\/\/encuentroinformativo.com.mx\/index.php?rest_route=\/wp\/v2\/media\/22884"}],"wp:attachment":[{"href":"https:\/\/encuentroinformativo.com.mx\/index.php?rest_route=%2Fwp%2Fv2%2Fmedia&parent=22883"}],"wp:term":[{"taxonomy":"category","embeddable":true,"href":"https:\/\/encuentroinformativo.com.mx\/index.php?rest_route=%2Fwp%2Fv2%2Fcategories&post=22883"},{"taxonomy":"post_tag","embeddable":true,"href":"https:\/\/encuentroinformativo.com.mx\/index.php?rest_route=%2Fwp%2Fv2%2Ftags&post=22883"}],"curies":[{"name":"wp","href":"https:\/\/api.w.org\/{rel}","templated":true}]}}