{"id":22886,"date":"2022-01-29T14:56:44","date_gmt":"2022-01-29T20:56:44","guid":{"rendered":"https:\/\/encuentroinformativo.com.mx\/?p=22886"},"modified":"2022-01-29T14:56:48","modified_gmt":"2022-01-29T20:56:48","slug":"ayuntamiento-de-veracruz-buscaria-recursos-del-fondo-metropolitano","status":"publish","type":"post","link":"https:\/\/encuentroinformativo.com.mx\/?p=22886","title":{"rendered":"Ayuntamiento de Veracruz buscar\u00eda recursos del Fondo Metropolitano"},"content":{"rendered":"\n<p><strong>Alejandro \u00c1vila<\/strong><\/p>\n\n\n\n<p>Veracruz, Ver.- El Ayuntamiento de Veracruz est\u00e1 dispuesto a dialogar con sus hom\u00f3logos de Boca del R\u00edo y Medell\u00edn de Bravo, para lograr conseguir recursos del Fondo Metropolitano y as\u00ed mejorar la calidad de vida de los ciudadanos que habitan en la zona conurbada.<\/p>\n\n\n\n<p>La alcaldesa, Patricia Lobeira Rodr\u00edguez aseguro que tiene toda la disposici\u00f3n de coadyuvar con gobierno del estado y federal, a fin de lograr recursos extras que puedan ayudar a crear Obras P\u00fablicas, que beneficien a los ciudadanos de los tres municipios.<\/p>\n\n\n\n<p>&#8220;S\u00ed, claro. Podr\u00eda haber un proyecto a futuro qu\u00e9 no nada m\u00e1s tenga que intervenir los municipios, sino tambi\u00e9n el gobierno del estado, porque aqu\u00ed tenemos que hablar que necesitamos m\u00e1s recursos, y por eso tambi\u00e9n tendr\u00eda que intervenir el estado y los municipios de la zona conurbada y hacer una buena coordinaci\u00f3n ah\u00ed. Por mi parte hay toda la disposici\u00f3n de coordinarme con los dem\u00e1s alcaldes y con el estado, incluso con la Federaci\u00f3n, porque necesitamos esta coordinaci\u00f3n para que la gente salga adelante, y lo m\u00e1s importante es que todos tenemos el mismo fin, y es mejorar la calidad de vida de las personas que viven en la ciudades que nosotros estamos gobernando&#8221;, apunt\u00f3.<\/p>\n\n\n\n<p>Una de las solicitudes m\u00e1s comunes entre la ciudadan\u00eda a trav\u00e9s de las redes sociales, es la carretera Veracruz &#8211; El Tejar, la cual dentro de su trayecto pertenece a los 3 municipios, los ciudadanos solicitan en este tramo, mejorar la carpeta asf\u00e1ltica el alumbrado y la se\u00f1al\u00e9tica.<\/p>\n\n\n\n<p>&#8220;Tenemos que trabajar en la zona conurbada para mejorar la calidad de vida de todas las personas que viven en esta zona, y que aparte se desplazan de un municipio a otro. Realmente la diferencia de kil\u00f3metros a veces es poca, entonces nos desplazamos todos de un municipio a otro y es importante que nosotros los presidentes municipales estemos bien coordinados&#8221;, remat\u00f3.<\/p>\n","protected":false},"excerpt":{"rendered":"<p>Alejandro \u00c1vila Veracruz, Ver.- El Ayuntamiento de Veracruz est\u00e1 dispuesto a dialogar con sus hom\u00f3logos de Boca del R\u00edo y Medell\u00edn de Bravo, para lograr conseguir recursos del Fondo Metropolitano y as\u00ed mejorar la calidad de vida de los ciudadanos que habitan en la zona conurbada. La alcaldesa, Patricia Lobeira Rodr\u00edguez aseguro que tiene toda [&hellip;]<\/p>\n","protected":false},"author":1,"featured_media":22887,"comment_status":"open","ping_status":"open","sticky":false,"template":"","format":"standard","meta":{"_jetpack_memberships_contains_paid_content":false,"footnotes":""},"categories":[2],"tags":[],"class_list":["post-22886","post","type-post","status-publish","format-standard","has-post-thumbnail","hentry","category-estado"],"jetpack_featured_media_url":"https:\/\/encuentroinformativo.com.mx\/wp-content\/uploads\/2022\/01\/69228DB2-D732-4F69-BF86-B547333B1F73.jpeg","jetpack_sharing_enabled":true,"jetpack_likes_enabled":true,"amp_enabled":true,"_links":{"self":[{"href":"https:\/\/encuentroinformativo.com.mx\/index.php?rest_route=\/wp\/v2\/posts\/22886","targetHints":{"allow":["GET"]}}],"collection":[{"href":"https:\/\/encuentroinformativo.com.mx\/index.php?rest_route=\/wp\/v2\/posts"}],"about":[{"href":"https:\/\/encuentroinformativo.com.mx\/index.php?rest_route=\/wp\/v2\/types\/post"}],"author":[{"embeddable":true,"href":"https:\/\/encuentroinformativo.com.mx\/index.php?rest_route=\/wp\/v2\/users\/1"}],"replies":[{"embeddable":true,"href":"https:\/\/encuentroinformativo.com.mx\/index.php?rest_route=%2Fwp%2Fv2%2Fcomments&post=22886"}],"version-history":[{"count":1,"href":"https:\/\/encuentroinformativo.com.mx\/index.php?rest_route=\/wp\/v2\/posts\/22886\/revisions"}],"predecessor-version":[{"id":22888,"href":"https:\/\/encuentroinformativo.com.mx\/index.php?rest_route=\/wp\/v2\/posts\/22886\/revisions\/22888"}],"wp:featuredmedia":[{"embeddable":true,"href":"https:\/\/encuentroinformativo.com.mx\/index.php?rest_route=\/wp\/v2\/media\/22887"}],"wp:attachment":[{"href":"https:\/\/encuentroinformativo.com.mx\/index.php?rest_route=%2Fwp%2Fv2%2Fmedia&parent=22886"}],"wp:term":[{"taxonomy":"category","embeddable":true,"href":"https:\/\/encuentroinformativo.com.mx\/index.php?rest_route=%2Fwp%2Fv2%2Fcategories&post=22886"},{"taxonomy":"post_tag","embeddable":true,"href":"https:\/\/encuentroinformativo.com.mx\/index.php?rest_route=%2Fwp%2Fv2%2Ftags&post=22886"}],"curies":[{"name":"wp","href":"https:\/\/api.w.org\/{rel}","templated":true}]}}